{"id":137776,"date":"2023-10-17T18:15:48","date_gmt":"2023-10-17T21:15:48","guid":{"rendered":"https:\/\/centraldeportes.com.ar\/?p=43818"},"modified":"2025-02-12T22:31:08","modified_gmt":"2025-02-13T01:31:08","slug":"gonzalo-aman-se-convirtio-en-jugador-de-penarol","status":"publish","type":"post","link":"https:\/\/cdnoticias.com\/index.php\/2023\/10\/17\/gonzalo-aman-se-convirtio-en-jugador-de-penarol\/","title":{"rendered":"Gonzalo Aman se convirti\u00f3 en jugador de Pe\u00f1arol"},"content":{"rendered":"<p>En las \u00faltimas horas se confirm\u00f3 el traspaso de Gonzalo Aman a Pe\u00f1arol de Mar del Plata para continuar con su formaci\u00f3n.<!--more--><\/p>\n<hr \/>\n<p>El basquetbolista surgido en Estudiantes firm\u00f3 su vinculaci\u00f3n con el \u201cMilrayitas\u201d el pasado lunes luego de realizar varias pruebas en la entidad marplatense.<\/p>\n<p>&nbsp;<\/p>\n<p>El destacado jugador de 15 a\u00f1os hab\u00eda impresionado a los captadores por su destreza y luego de firmar el contrato ya entren\u00f3 con el equipo de la Liga de Desarrollo y tambi\u00e9n particip\u00f3 del entrenamiento del plantel de Liga Nacional.<\/p>\n","protected":false},"excerpt":{"rendered":"<p>En las \u00faltimas horas se confirm\u00f3 el traspaso de Gonzalo Aman a Pe\u00f1arol de Mar del Plata para continuar con<\/p>\n","protected":false},"author":96739694,"featured_media":158285,"comment_status":"closed","ping_status":"closed","sticky":false,"template":"","format":"standard","meta":{"_jetpack_memberships_contains_paid_content":false,"footnotes":""},"categories":[31,44,1],"tags":[],"class_list":["post-137776","post","type-post","status-publish","format-standard","has-post-thumbnail","hentry","category-basquet","category-inferiores-basquet","category-portada"],"jetpack_featured_media_url":"https:\/\/i0.wp.com\/cdnoticias.com\/wp-content\/uploads\/2023\/10\/392945555_827184392745587_4227608663033174292_n-e1697577334876.jpg?fit=1440%2C832&ssl=1","jetpack_sharing_enabled":true,"_links":{"self":[{"href":"https:\/\/cdnoticias.com\/index.php\/wp-json\/wp\/v2\/posts\/137776","targetHints":{"allow":["GET"]}}],"collection":[{"href":"https:\/\/cdnoticias.com\/index.php\/wp-json\/wp\/v2\/posts"}],"about":[{"href":"https:\/\/cdnoticias.com\/index.php\/wp-json\/wp\/v2\/types\/post"}],"author":[{"embeddable":true,"href":"https:\/\/cdnoticias.com\/index.php\/wp-json\/wp\/v2\/users\/96739694"}],"replies":[{"embeddable":true,"href":"https:\/\/cdnoticias.com\/index.php\/wp-json\/wp\/v2\/comments?post=137776"}],"version-history":[{"count":0,"href":"https:\/\/cdnoticias.com\/index.php\/wp-json\/wp\/v2\/posts\/137776\/revisions"}],"wp:featuredmedia":[{"embeddable":true,"href":"https:\/\/cdnoticias.com\/index.php\/wp-json\/wp\/v2\/media\/158285"}],"wp:attachment":[{"href":"https:\/\/cdnoticias.com\/index.php\/wp-json\/wp\/v2\/media?parent=137776"}],"wp:term":[{"taxonomy":"category","embeddable":true,"href":"https:\/\/cdnoticias.com\/index.php\/wp-json\/wp\/v2\/categories?post=137776"},{"taxonomy":"post_tag","embeddable":true,"href":"https:\/\/cdnoticias.com\/index.php\/wp-json\/wp\/v2\/tags?post=137776"}],"curies":[{"name":"wp","href":"https:\/\/api.w.org\/{rel}","templated":true}]}}