{"id":137770,"date":"2023-10-16T21:26:09","date_gmt":"2023-10-17T00:26:09","guid":{"rendered":"https:\/\/centraldeportes.com.ar\/?p=43787"},"modified":"2025-02-12T22:27:42","modified_gmt":"2025-02-13T01:27:42","slug":"prosiguio-la-9-fecha-con-triunfos-para-san-martin-embajadores-y-espigas","status":"publish","type":"post","link":"https:\/\/cdnoticias.com\/index.php\/2023\/10\/16\/prosiguio-la-9-fecha-con-triunfos-para-san-martin-embajadores-y-espigas\/","title":{"rendered":"Prosigui\u00f3 la 9\u00b0 fecha con triunfos para San Mart\u00edn, Embajadores y Espigas"},"content":{"rendered":"<p>Con algunas reprogramaciones por la lluvia, sobre todo en Reserva, este lunes feriado continu\u00f3 la 9\u00b0 cita del Torneo Oficial de la LFO en tres escenarios de la ciudad. En Primera, completar\u00e1n este martes Loma Negra \u2013 Municipales en Villa Alfredo Fortabat.<!--more--><\/p>\n<hr \/>\n<p>El cierre del fin de semana largo fue a puro f\u00fatbol en el \u00e1mbito local, que a pesar de las desfavorables condiciones clim\u00e1ticas en horas de la ma\u00f1ana de este lunes, tuvo continuidad la <strong>9\u00b0 fecha del Torneo Oficial<\/strong> que hab\u00eda iniciado el pasado viernes con el <a href=\"https:\/\/cdnoticias.com\/el-clasico-de-la-ciudad-termino-en-tablas\/\">empate en el cl\u00e1sico<\/a> y la victoria de El Fort\u00edn.<\/p>\n<p>&nbsp;<\/p>\n<p>Por un lado, en Primera Divisi\u00f3n, se jugaron tres de los cuatro enfrentamientos pactados. <strong>Resta Loma Negra y Municipales que jugar\u00e1n este martes en el reducto de Villa Alfredo Fortabat<\/strong>. A su vez, en Reserva, solo se disput\u00f3 un partido y fue en el Pedro Iriart Legorburu.<\/p>\n<p>&nbsp;<\/p>\n<p>El balance de la jornada dej\u00f3 triunfos en las sierras para <strong>Espigas, Embajadores y San Mart\u00edn<\/strong>. A primera hora de la tarde, el elenco \u201cVerdirrojo\u201d derrot\u00f3 a Sierra Chica, el CEO hizo lo propio en el Enrique De la Quintana y el \u201cLe\u00f3n\u201d venci\u00f3 a Ferro en el Pozo Serrano y logr\u00f3 su segunda victoria consecutiva.<\/p>\n<p>&nbsp;<\/p>\n<p><img data-recalc-dims=\"1\" loading=\"lazy\" decoding=\"async\" class=\"aligncenter size-full wp-image-43789\" src=\"https:\/\/i0.wp.com\/cdnoticias.com\/wp-content\/uploads\/2023\/10\/LFO-San-Martin-vs-Ferro-9%C2%B0-fecha-Torneo-Oficial1-e1697502338604.jpeg?resize=800%2C478&#038;ssl=1\" alt=\"\" width=\"800\" height=\"478\" \/><\/p>\n<p>&nbsp;<\/p>\n<ul>\n<li>\n<h6><strong>Resultados:<\/strong><\/h6>\n<\/li>\n<\/ul>\n<p>&nbsp;<\/p>\n<h6>Primera Divisi\u00f3n<\/h6>\n<p>&nbsp;<\/p>\n<p><strong>Espigas<\/strong> (Franco Torres, Mat\u00edas M\u00f3naco Diribarne y Jes\u00fas Pal) <strong>3 \u2013 1 Sierra Chica<\/strong> (Emanuel De Cort\u00e1zar)<\/p>\n<p><strong>Hinojo<\/strong> (Felipe Gandolfo)<strong> 1 \u2013 2 Embajadores<\/strong> (Nicol\u00e1s Lareu y Luciano Rojas)<\/p>\n<p><strong>San Mart\u00edn<\/strong> (Jonathan G\u00e1lmez y Agust\u00edn Teixeira) <strong>2 \u2013 0 Ferro Carril Sud<\/strong><\/p>\n<p>Loma Negra \u2013 Municipales (<strong>Se juega este martes 21:00 horas<\/strong>)<\/p>\n<p>&nbsp;<\/p>\n<p><img data-recalc-dims=\"1\" loading=\"lazy\" decoding=\"async\" class=\"aligncenter size-full wp-image-43790\" src=\"https:\/\/i0.wp.com\/cdnoticias.com\/wp-content\/uploads\/2023\/10\/Posiciones-9%C2%B0-Fecha-Primera-parcial.png?resize=785%2C568&#038;ssl=1\" alt=\"\" width=\"785\" height=\"568\" \/><\/p>\n<p>&nbsp;<\/p>\n<h6>Reserva<\/h6>\n<p>&nbsp;<\/p>\n<p>Espigas <strong>3 \u2013 3<\/strong> Sierra Chica<\/p>\n<p>Hinojo \u2013 Embajadores (<strong>Postergado<\/strong>)<\/p>\n<p>San Mart\u00edn \u2013 Ferro Carril Sud (<strong>Se juega este martes 17:00 horas<\/strong>)<\/p>\n<p>Loma Negra \u2013 Municipales (<strong>Se juega este martes 19:00 horas<\/strong>)<\/p>\n<p>&nbsp;<\/p>\n<p><img data-recalc-dims=\"1\" loading=\"lazy\" decoding=\"async\" class=\"aligncenter size-full wp-image-43791\" src=\"https:\/\/i0.wp.com\/cdnoticias.com\/wp-content\/uploads\/2023\/10\/Posiciones-9%C2%B0-fecha-Reserva-parcial.png?resize=783%2C566&#038;ssl=1\" alt=\"\" width=\"783\" height=\"566\" \/><\/p>\n<p>&nbsp;<\/p>\n<p><em><strong>Fotos: Gentileza de Verito Fotograf\u00edas.<\/strong><\/em><\/p>\n","protected":false},"excerpt":{"rendered":"<p>Con algunas reprogramaciones por la lluvia, sobre todo en Reserva, este lunes feriado continu\u00f3 la 9\u00b0 cita del Torneo Oficial<\/p>\n","protected":false},"author":96739694,"featured_media":158165,"comment_status":"closed","ping_status":"closed","sticky":false,"template":"","format":"standard","meta":{"_jetpack_memberships_contains_paid_content":false,"footnotes":""},"categories":[35,1,41],"tags":[],"class_list":["post-137770","post","type-post","status-publish","format-standard","has-post-thumbnail","hentry","category-futbol","category-portada","category-primera-y-reserva"],"jetpack_featured_media_url":"https:\/\/i0.wp.com\/cdnoticias.com\/wp-content\/uploads\/2023\/10\/LFO-San-Martin-vs-Ferro-9%C2%B0-fecha-Torneo-Oficial.jpeg?fit=1000%2C666&ssl=1","jetpack_sharing_enabled":true,"_links":{"self":[{"href":"https:\/\/cdnoticias.com\/index.php\/wp-json\/wp\/v2\/posts\/137770","targetHints":{"allow":["GET"]}}],"collection":[{"href":"https:\/\/cdnoticias.com\/index.php\/wp-json\/wp\/v2\/posts"}],"about":[{"href":"https:\/\/cdnoticias.com\/index.php\/wp-json\/wp\/v2\/types\/post"}],"author":[{"embeddable":true,"href":"https:\/\/cdnoticias.com\/index.php\/wp-json\/wp\/v2\/users\/96739694"}],"replies":[{"embeddable":true,"href":"https:\/\/cdnoticias.com\/index.php\/wp-json\/wp\/v2\/comments?post=137770"}],"version-history":[{"count":0,"href":"https:\/\/cdnoticias.com\/index.php\/wp-json\/wp\/v2\/posts\/137770\/revisions"}],"wp:featuredmedia":[{"embeddable":true,"href":"https:\/\/cdnoticias.com\/index.php\/wp-json\/wp\/v2\/media\/158165"}],"wp:attachment":[{"href":"https:\/\/cdnoticias.com\/index.php\/wp-json\/wp\/v2\/media?parent=137770"}],"wp:term":[{"taxonomy":"category","embeddable":true,"href":"https:\/\/cdnoticias.com\/index.php\/wp-json\/wp\/v2\/categories?post=137770"},{"taxonomy":"post_tag","embeddable":true,"href":"https:\/\/cdnoticias.com\/index.php\/wp-json\/wp\/v2\/tags?post=137770"}],"curies":[{"name":"wp","href":"https:\/\/api.w.org\/{rel}","templated":true}]}}