{"id":137758,"date":"2023-10-15T17:01:52","date_gmt":"2023-10-15T20:01:52","guid":{"rendered":"https:\/\/centraldeportes.com.ar\/?p=43718"},"modified":"2025-02-12T22:28:04","modified_gmt":"2025-02-13T01:28:04","slug":"atletas-olavarrienses-compitieron-en-el-cenard","status":"publish","type":"post","link":"https:\/\/cdnoticias.com\/index.php\/2023\/10\/15\/atletas-olavarrienses-compitieron-en-el-cenard\/","title":{"rendered":"Atletas olavarrienses compitieron en el CeNARD"},"content":{"rendered":"\n<div class=\"wp-block-group is-layout-constrained wp-block-group-is-layout-constrained\">\n<p>Entre s\u00e1bado y domingo se llev\u00f3 a cabo, en el Centro Nacional de Alto Rendimiento Deportivo, la Copa Nacional de Clubes en la categor\u00eda Mayores y hubo presencia olavarriense.<\/p>\n<p><!--more--><\/p>\n<hr \/>\n<p><strong>Alfredo Ardiles y Luciano Sosa<\/strong> se presentaron en el certamen organizado por la Confederaci\u00f3n Argentina de Atletismo.<\/p>\n<p>\u00a0<\/p>\n<p>En el transcurso del s\u00e1bado, Ardiles y Sosa completaron la prueba de 1500 metros. El juvenil atleta baj\u00f3 su marca personal completando la distancia en 4:08:18 para ser 18\u00b0 y el representante de Sierra Chica fue 22\u00b0 con 4:09:48.<\/p>\n<p>\u00a0<\/p>\n<p>Cerrando la competencia, este domingo, <strong>el atleta de Correcaminos fue el mejor juvenil en la prueba de los 800 metros<\/strong> con 1:58:61 y Sosa no logr\u00f3 completar los 5000 metros.<\/p>\n<\/div>\n","protected":false},"excerpt":{"rendered":"<p>Entre s\u00e1bado y domingo se llev\u00f3 a cabo, en el Centro Nacional de Alto Rendimiento Deportivo, la Copa Nacional de<\/p>\n","protected":false},"author":96739694,"featured_media":158200,"comment_status":"closed","ping_status":"closed","sticky":false,"template":"","format":"standard","meta":{"_jetpack_memberships_contains_paid_content":false,"footnotes":""},"categories":[38,1],"tags":[],"class_list":["post-137758","post","type-post","status-publish","format-standard","has-post-thumbnail","hentry","category-pedestrismo","category-portada"],"jetpack_featured_media_url":"https:\/\/i0.wp.com\/cdnoticias.com\/wp-content\/uploads\/2023\/10\/ardiles.png?fit=800%2C445&ssl=1","jetpack_sharing_enabled":true,"_links":{"self":[{"href":"https:\/\/cdnoticias.com\/index.php\/wp-json\/wp\/v2\/posts\/137758","targetHints":{"allow":["GET"]}}],"collection":[{"href":"https:\/\/cdnoticias.com\/index.php\/wp-json\/wp\/v2\/posts"}],"about":[{"href":"https:\/\/cdnoticias.com\/index.php\/wp-json\/wp\/v2\/types\/post"}],"author":[{"embeddable":true,"href":"https:\/\/cdnoticias.com\/index.php\/wp-json\/wp\/v2\/users\/96739694"}],"replies":[{"embeddable":true,"href":"https:\/\/cdnoticias.com\/index.php\/wp-json\/wp\/v2\/comments?post=137758"}],"version-history":[{"count":0,"href":"https:\/\/cdnoticias.com\/index.php\/wp-json\/wp\/v2\/posts\/137758\/revisions"}],"wp:featuredmedia":[{"embeddable":true,"href":"https:\/\/cdnoticias.com\/index.php\/wp-json\/wp\/v2\/media\/158200"}],"wp:attachment":[{"href":"https:\/\/cdnoticias.com\/index.php\/wp-json\/wp\/v2\/media?parent=137758"}],"wp:term":[{"taxonomy":"category","embeddable":true,"href":"https:\/\/cdnoticias.com\/index.php\/wp-json\/wp\/v2\/categories?post=137758"},{"taxonomy":"post_tag","embeddable":true,"href":"https:\/\/cdnoticias.com\/index.php\/wp-json\/wp\/v2\/tags?post=137758"}],"curies":[{"name":"wp","href":"https:\/\/api.w.org\/{rel}","templated":true}]}}