{"id":137755,"date":"2023-10-15T00:54:21","date_gmt":"2023-10-15T03:54:21","guid":{"rendered":"https:\/\/centraldeportes.com.ar\/?p=43695"},"modified":"2025-02-12T22:28:11","modified_gmt":"2025-02-13T01:28:11","slug":"las-divisiones-juveniles-completaron-la-10-fecha-del-torneo-clausura","status":"publish","type":"post","link":"https:\/\/cdnoticias.com\/index.php\/2023\/10\/15\/las-divisiones-juveniles-completaron-la-10-fecha-del-torneo-clausura\/","title":{"rendered":"Las Divisiones Juveniles completaron la 10\u00b0 fecha del Torneo Clausura"},"content":{"rendered":"<p>Con m\u00e1s de veinte partidos disputados, las seis categor\u00edas del f\u00fatbol menor olavarriense finalizaron la pen\u00faltima fecha del campeonato iniciada el pasado jueves entre San Mart\u00edn y Sierra Chica.<!--more--><\/p>\n<hr \/>\n<p>En la continuidad del fin de semana largo, las <strong>Divisiones Inferiores de la LFO<\/strong> aprovecharon este s\u00e1bado para finalizar la <strong>d\u00e9cima y pen\u00faltima fecha del Clausura<\/strong> que hab\u00eda iniciado el \u00faltimo jueves con los <a href=\"https:\/\/cdnoticias.com\/sierra-chica-y-san-martin-abrieron-una-nueva-fecha-del-clausura\/\">cuatro enfrentamientos<\/a> entre San Mart\u00edn y Sierra Chica en el Pozo Serrano.<\/p>\n<p>&nbsp;<\/p>\n<p>Cinco fueron los escenarios que se repartieron los veinti\u00fan partidos entre las seis divisionales, pero excepto la Novena, donde ya se consagr\u00f3 Ferro,<strong> las restantes categor\u00edas tendr\u00e1 a sus campeones en la \u00faltima fecha<\/strong>.<\/p>\n<p>&nbsp;<\/p>\n<p>Esta vez, en cuanto al balance de la jornada, no hubo divisi\u00f3n de local\u00edas. <strong>Embajadores<\/strong> solo registr\u00f3 festejos y por ahora es l\u00edder en cuatro de las divisionales. Adem\u00e1s, en los dem\u00e1s cruces se repartieron victorias y <strong>Colonias y Cerros consigui\u00f3 su segundo festejo consecutivo en Octava Divisi\u00f3n<\/strong>.<\/p>\n<p>&nbsp;<\/p>\n<p>La <strong>\u00faltima fecha<\/strong> enfrentar\u00e1 a San Mart\u00edn \u2013 Racing, Municipales \u2013 Embajadores, Ferro \u2013 Sierra Chica, Estudiantes \u2013 Colonias y Cerros, Loma Negra \u2013 El Fort\u00edn y Luj\u00e1n \u2013 Hinojo.<\/p>\n<p>&nbsp;<\/p>\n<p>[soliloquy id=&#8221;43666&#8243;]<\/p>\n<p>&nbsp;<\/p>\n<ul>\n<li>\n<h6><strong>Resultados:<\/strong><\/h6>\n<\/li>\n<\/ul>\n<p>&nbsp;<\/p>\n<h6><strong>En D\u00e9cima<\/strong>:<\/h6>\n<p>Racing <strong>1 \u2013 1<\/strong> Loma Negra<\/p>\n<p>El Fort\u00edn <strong>2 \u2013<\/strong> <strong>0<\/strong> Municipales<\/p>\n<p>Hinojo <strong>0 \u2013 4<\/strong> Estudiantes<\/p>\n<p>&nbsp;<\/p>\n<p><img data-recalc-dims=\"1\" loading=\"lazy\" decoding=\"async\" class=\"aligncenter size-full wp-image-43696\" src=\"https:\/\/i0.wp.com\/cdnoticias.com\/wp-content\/uploads\/2023\/10\/Posiciones-Decima-10%C2%B0-fecha-Clausura.png?resize=786%2C485&#038;ssl=1\" alt=\"\" width=\"786\" height=\"485\" \/><\/p>\n<p>&nbsp;<\/p>\n<h6><strong>En Novena<\/strong>:<\/h6>\n<p>Racing <strong>3 \u2013 0<\/strong> Loma Negra<\/p>\n<p>&nbsp;<\/p>\n<p><img data-recalc-dims=\"1\" loading=\"lazy\" decoding=\"async\" class=\"aligncenter size-full wp-image-43697\" src=\"https:\/\/i0.wp.com\/cdnoticias.com\/wp-content\/uploads\/2023\/10\/Posiciones-Novena-10%C2%B0-fecha-Clausura.png?resize=787%2C401&#038;ssl=1\" alt=\"\" width=\"787\" height=\"401\" \/><\/p>\n<p>&nbsp;<\/p>\n<h6><strong>En Octava<\/strong>:<\/h6>\n<p>Racing <strong>2 \u2013 2<\/strong> Loma Negra<\/p>\n<p>El Fort\u00edn <strong>4 \u2013 0<\/strong> Municipales<\/p>\n<p>Embajadores <strong>11 \u2013 0<\/strong> Luj\u00e1n<\/p>\n<p>Colonias y Cerros <strong>1 \u2013 0<\/strong> Ferro<\/p>\n<p>Hinojo <strong>0 \u2013 1<\/strong> Estudiantes<\/p>\n<p>&nbsp;<\/p>\n<p><img data-recalc-dims=\"1\" loading=\"lazy\" decoding=\"async\" class=\"aligncenter size-full wp-image-43698\" src=\"https:\/\/i0.wp.com\/cdnoticias.com\/wp-content\/uploads\/2023\/10\/Posiciones-Octava-10%C2%B0-fecha-Clausura.png?resize=788%2C576&#038;ssl=1\" alt=\"\" width=\"788\" height=\"576\" \/><\/p>\n<p>&nbsp;<\/p>\n<h6><strong>En S\u00e9ptima<\/strong><\/h6>\n<p>Racing <strong>0 \u2013 1<\/strong> Loma Negra<\/p>\n<p>El Fort\u00edn <strong>3 \u2013 1<\/strong> Municipales<\/p>\n<p>Colonias y Cerros <strong>0 \u2013 2<\/strong> Ferro<\/p>\n<p>Hinojo <strong>0 \u2013 2<\/strong> Estudiantes<\/p>\n<p>&nbsp;<\/p>\n<p><img data-recalc-dims=\"1\" loading=\"lazy\" decoding=\"async\" class=\"aligncenter size-full wp-image-43700\" src=\"https:\/\/i0.wp.com\/cdnoticias.com\/wp-content\/uploads\/2023\/10\/Posiciones-Septima-10%C2%B0-fecha-Clausura.png?resize=785%2C486&#038;ssl=1\" alt=\"\" width=\"785\" height=\"486\" \/><\/p>\n<p>&nbsp;<\/p>\n<h6><strong>En Sexta:<\/strong><\/h6>\n<p>Racing<strong> 1 \u2013 0<\/strong> Loma Negra<\/p>\n<p>El Fort\u00edn <strong>0 \u2013 1<\/strong> Municipales<\/p>\n<p>Embajadores <strong>4 \u2013 0<\/strong> Luj\u00e1n<\/p>\n<p>Colonias y Cerros <strong>1 \u2013 4<\/strong> Ferro<\/p>\n<p>&nbsp;<\/p>\n<p><img data-recalc-dims=\"1\" loading=\"lazy\" decoding=\"async\" class=\"aligncenter size-full wp-image-43701\" src=\"https:\/\/i0.wp.com\/cdnoticias.com\/wp-content\/uploads\/2023\/10\/Posiciones-Sexta-10%C2%B0-fecha-Clausura.png?resize=786%2C525&#038;ssl=1\" alt=\"\" width=\"786\" height=\"525\" \/><\/p>\n<p>&nbsp;<\/p>\n<h6><strong>En Quinta<\/strong><\/h6>\n<p>Racing <strong>3 \u2013 2<\/strong> Loma Negra<\/p>\n<p>El Fort\u00edn <strong>2 \u2013 1<\/strong> Municipales<\/p>\n<p>Embajadores <strong>4 \u2013 1<\/strong> Luj\u00e1n<\/p>\n<p>Hinojo<strong> 4 \u2013 0<\/strong> Estudiantes<\/p>\n<p>&nbsp;<\/p>\n<p><img data-recalc-dims=\"1\" loading=\"lazy\" decoding=\"async\" class=\"aligncenter size-full wp-image-43699\" src=\"https:\/\/i0.wp.com\/cdnoticias.com\/wp-content\/uploads\/2023\/10\/Posiciones-Quinta-10%C2%B0-fecha-Clausura.png?resize=783%2C486&#038;ssl=1\" alt=\"\" width=\"783\" height=\"486\" \/><\/p>\n","protected":false},"excerpt":{"rendered":"<p>Con m\u00e1s de veinte partidos disputados, las seis categor\u00edas del f\u00fatbol menor olavarriense finalizaron la pen\u00faltima fecha del campeonato iniciada<\/p>\n","protected":false},"author":96739694,"featured_media":158214,"comment_status":"closed","ping_status":"closed","sticky":false,"template":"","format":"standard","meta":{"_jetpack_memberships_contains_paid_content":false,"footnotes":""},"categories":[35,40,1],"tags":[],"class_list":["post-137755","post","type-post","status-publish","format-standard","has-post-thumbnail","hentry","category-futbol","category-inferiores","category-portada"],"jetpack_featured_media_url":"https:\/\/i0.wp.com\/cdnoticias.com\/wp-content\/uploads\/2023\/10\/inf-lfo-37.jpeg?fit=1280%2C853&ssl=1","jetpack_sharing_enabled":true,"_links":{"self":[{"href":"https:\/\/cdnoticias.com\/index.php\/wp-json\/wp\/v2\/posts\/137755","targetHints":{"allow":["GET"]}}],"collection":[{"href":"https:\/\/cdnoticias.com\/index.php\/wp-json\/wp\/v2\/posts"}],"about":[{"href":"https:\/\/cdnoticias.com\/index.php\/wp-json\/wp\/v2\/types\/post"}],"author":[{"embeddable":true,"href":"https:\/\/cdnoticias.com\/index.php\/wp-json\/wp\/v2\/users\/96739694"}],"replies":[{"embeddable":true,"href":"https:\/\/cdnoticias.com\/index.php\/wp-json\/wp\/v2\/comments?post=137755"}],"version-history":[{"count":0,"href":"https:\/\/cdnoticias.com\/index.php\/wp-json\/wp\/v2\/posts\/137755\/revisions"}],"wp:featuredmedia":[{"embeddable":true,"href":"https:\/\/cdnoticias.com\/index.php\/wp-json\/wp\/v2\/media\/158214"}],"wp:attachment":[{"href":"https:\/\/cdnoticias.com\/index.php\/wp-json\/wp\/v2\/media?parent=137755"}],"wp:term":[{"taxonomy":"category","embeddable":true,"href":"https:\/\/cdnoticias.com\/index.php\/wp-json\/wp\/v2\/categories?post=137755"},{"taxonomy":"post_tag","embeddable":true,"href":"https:\/\/cdnoticias.com\/index.php\/wp-json\/wp\/v2\/tags?post=137755"}],"curies":[{"name":"wp","href":"https:\/\/api.w.org\/{rel}","templated":true}]}}