{"id":137754,"date":"2023-10-14T23:31:41","date_gmt":"2023-10-15T02:31:41","guid":{"rendered":"https:\/\/centraldeportes.com.ar\/?p=43676"},"modified":"2025-02-12T22:28:14","modified_gmt":"2025-02-13T01:28:14","slug":"la-octava-fecha-de-apps-se-disputo-en-el-amco","status":"publish","type":"post","link":"https:\/\/cdnoticias.com\/index.php\/2023\/10\/14\/la-octava-fecha-de-apps-se-disputo-en-el-amco\/","title":{"rendered":"La octava fecha de APPS se disput\u00f3 en el AMCO"},"content":{"rendered":"\n<div class=\"wp-block-group is-layout-constrained wp-block-group-is-layout-constrained\">\n<p>Mart\u00edn Collodoro en la Promocional, Nicol\u00e1s Benito en la Monomarca, Agust\u00edn Gelso en la Copa VW Gol y Natalio Jug\u00f3n y el binomio De Vega-Cortez festejaron en el AMCO.<!--more--><\/p>\n<hr \/>\n<p>El octavo compromiso de a\u00f1o de la Monomarca, la Promocional, la Copa VW Gol y el Turismo Sport del Sudeste se disput\u00f3 este s\u00e1bado en el &#8220;Hermanos Emiliozzi&#8221;.<\/p>\n<p>\u00a0<\/p>\n<p><strong>En la Promocional, regres\u00f3 al triunfo Mart\u00edn Collodoro<\/strong>, el campe\u00f3n 2022 de la categor\u00eda incursion\u00f3 este a\u00f1o en la Gol y su regreso le permiti\u00f3 llegar al triunfo luciendo el uno en los laterales. Segundo fue Bernardo Fucci y tercero Gustavo Pendas.<\/p>\n<p>\u00a0<\/p>\n<p>Mart\u00edn Benaglis se ubic\u00f3 cuarto detr\u00e1s de Brian Stracquadaini completando los primeros cinco. Carlos Macaluso, Diego Manguero, Leo Gelso, Matias G\u00e1nate y Diego Tartuferi fueron los diez de punta.<\/p>\n<p>\u00a0<\/p>\n<p><strong>En la Monomarca, Nicol\u00e1s Benito contin\u00faa a paso firme, volvi\u00f3 a ganar y se encamina al bicampeonato<\/strong>. En esta oportunidad fue segundo Facundo Cardone y tercero Alan Wagner. Leopoldo Cirioli, que ven\u00eda de ganar en Tres Arroyos, fue cuarto y quinto Joel Pianzola.<\/p>\n<p>\u00a0<\/p>\n<p>Oscar Forn\u00e9s, Tomas Nieves, Facundo \u00c1lvarez, Daniel Albano y Gonzalo Etchecolatz completaron los diez de punta.<\/p>\n<p>\u00a0<\/p>\n<p>[soliloquy id=&#8221;43685&#8243;]<\/p>\n<p>\u00a0<\/p>\n<p>La <strong>Copa VW Gol<\/strong> tambi\u00e9n disput\u00f3 la octava final del a\u00f1o y <strong>Agust\u00edn Gelso consigui\u00f3 un triunfo muy festejado<\/strong>, producto de una gran remontada. Leonardo Marotta y Lucas Errobidart completaron el podio.<\/p>\n<p>\u00a0<\/p>\n<p>Nicol\u00e1s Villamayor, Edie Leonetti, Emiliano Juez, Ra\u00fal Cobos, Fabricio Irigoyemborde y Sergio Giacomaso tambi\u00e9n se ubicaron en los primeros lugares.<\/p>\n<p>\u00a0<\/p>\n<p>Por \u00faltimo, <strong>el TSS tuvo dos finales, la primera fue para Natalio Jug\u00f3n<\/strong>, seguido del binomio De Vega- Cortez y el &#8220;Lija&#8221; Jos\u00e9 Fern\u00e1ndez completo el podio. Cuarto fue Pablo Salerno y quinto V\u00edctor Cattini.<\/p>\n<p>\u00a0<\/p>\n<p><strong>La segunda final fue para el binomio De Vega-Cortez<\/strong>, Pablo Salerno fue segundo y tercero nuevamente Jos\u00e9 Fern\u00e1ndez. Cuarto fue Natalio Jug\u00f3n y quinto Mario Dom\u00ednguez.<\/p>\n<p>\u00a0<\/p>\n<p><em><strong>Fotos: Circuito Uno Web.<\/strong><\/em><\/p>\n<\/div>\n","protected":false},"excerpt":{"rendered":"<p>Mart\u00edn Collodoro en la Promocional, Nicol\u00e1s Benito en la Monomarca, Agust\u00edn Gelso en la Copa VW Gol y Natalio Jug\u00f3n<\/p>\n","protected":false},"author":96739694,"featured_media":158217,"comment_status":"closed","ping_status":"closed","sticky":false,"template":"","format":"standard","meta":{"_jetpack_memberships_contains_paid_content":false,"footnotes":""},"categories":[51,34,1],"tags":[],"class_list":["post-137754","post","type-post","status-publish","format-standard","has-post-thumbnail","hentry","category-apps","category-automovilismo","category-portada"],"jetpack_featured_media_url":"https:\/\/i0.wp.com\/cdnoticias.com\/wp-content\/uploads\/2023\/10\/autos-2.jpeg?fit=1600%2C1066&ssl=1","jetpack_sharing_enabled":true,"_links":{"self":[{"href":"https:\/\/cdnoticias.com\/index.php\/wp-json\/wp\/v2\/posts\/137754","targetHints":{"allow":["GET"]}}],"collection":[{"href":"https:\/\/cdnoticias.com\/index.php\/wp-json\/wp\/v2\/posts"}],"about":[{"href":"https:\/\/cdnoticias.com\/index.php\/wp-json\/wp\/v2\/types\/post"}],"author":[{"embeddable":true,"href":"https:\/\/cdnoticias.com\/index.php\/wp-json\/wp\/v2\/users\/96739694"}],"replies":[{"embeddable":true,"href":"https:\/\/cdnoticias.com\/index.php\/wp-json\/wp\/v2\/comments?post=137754"}],"version-history":[{"count":0,"href":"https:\/\/cdnoticias.com\/index.php\/wp-json\/wp\/v2\/posts\/137754\/revisions"}],"wp:featuredmedia":[{"embeddable":true,"href":"https:\/\/cdnoticias.com\/index.php\/wp-json\/wp\/v2\/media\/158217"}],"wp:attachment":[{"href":"https:\/\/cdnoticias.com\/index.php\/wp-json\/wp\/v2\/media?parent=137754"}],"wp:term":[{"taxonomy":"category","embeddable":true,"href":"https:\/\/cdnoticias.com\/index.php\/wp-json\/wp\/v2\/categories?post=137754"},{"taxonomy":"post_tag","embeddable":true,"href":"https:\/\/cdnoticias.com\/index.php\/wp-json\/wp\/v2\/tags?post=137754"}],"curies":[{"name":"wp","href":"https:\/\/api.w.org\/{rel}","templated":true}]}}