{"id":137742,"date":"2023-10-13T18:07:43","date_gmt":"2023-10-13T21:07:43","guid":{"rendered":"https:\/\/centraldeportes.com.ar\/?p=43559"},"modified":"2025-02-12T22:23:37","modified_gmt":"2025-02-13T01:23:37","slug":"doble-medalla-de-oro-para-maitena-jorge-en-las-flores","status":"publish","type":"post","link":"https:\/\/cdnoticias.com\/index.php\/2023\/10\/13\/doble-medalla-de-oro-para-maitena-jorge-en-las-flores\/","title":{"rendered":"Doble medalla de oro para Maitena Jorge en Las Flores"},"content":{"rendered":"<p>Maitena Jorge, compiti\u00f3 durante el fin de semana en Las Flores en lo que fue la tercera fecha del Campeonato de Velocidad y logr\u00f3 dos primeros puestos.<!--more--><\/p>\n<hr \/>\n<p>La palista del Club Estudiantes que hab\u00eda participado en el Campeonato Sudamericano en Brasil regres\u00f3 al pa\u00eds tras su destacada actuaci\u00f3n y represent\u00f3 a la entidad en la cita provincial.<\/p>\n<p>&nbsp;<\/p>\n<p>Jorge, que estuvo acompa\u00f1ada por la profesora Juana Girasole, logr\u00f3 dos primeros puestos en K1 500m y K1 2000m.<\/p>\n","protected":false},"excerpt":{"rendered":"<p>Maitena Jorge, compiti\u00f3 durante el fin de semana en Las Flores en lo que fue la tercera fecha del Campeonato<\/p>\n","protected":false},"author":96739694,"featured_media":158117,"comment_status":"closed","ping_status":"closed","sticky":false,"template":"","format":"standard","meta":{"_jetpack_memberships_contains_paid_content":false,"footnotes":""},"categories":[30,1],"tags":[],"class_list":["post-137742","post","type-post","status-publish","format-standard","has-post-thumbnail","hentry","category-polideportivo","category-portada"],"jetpack_featured_media_url":"https:\/\/i0.wp.com\/cdnoticias.com\/wp-content\/uploads\/2023\/10\/WhatsApp-Image-2023-10-12-at-15.15.35-e1697140760562.jpeg?fit=927%2C532&ssl=1","jetpack_sharing_enabled":true,"_links":{"self":[{"href":"https:\/\/cdnoticias.com\/index.php\/wp-json\/wp\/v2\/posts\/137742","targetHints":{"allow":["GET"]}}],"collection":[{"href":"https:\/\/cdnoticias.com\/index.php\/wp-json\/wp\/v2\/posts"}],"about":[{"href":"https:\/\/cdnoticias.com\/index.php\/wp-json\/wp\/v2\/types\/post"}],"author":[{"embeddable":true,"href":"https:\/\/cdnoticias.com\/index.php\/wp-json\/wp\/v2\/users\/96739694"}],"replies":[{"embeddable":true,"href":"https:\/\/cdnoticias.com\/index.php\/wp-json\/wp\/v2\/comments?post=137742"}],"version-history":[{"count":0,"href":"https:\/\/cdnoticias.com\/index.php\/wp-json\/wp\/v2\/posts\/137742\/revisions"}],"wp:featuredmedia":[{"embeddable":true,"href":"https:\/\/cdnoticias.com\/index.php\/wp-json\/wp\/v2\/media\/158117"}],"wp:attachment":[{"href":"https:\/\/cdnoticias.com\/index.php\/wp-json\/wp\/v2\/media?parent=137742"}],"wp:term":[{"taxonomy":"category","embeddable":true,"href":"https:\/\/cdnoticias.com\/index.php\/wp-json\/wp\/v2\/categories?post=137742"},{"taxonomy":"post_tag","embeddable":true,"href":"https:\/\/cdnoticias.com\/index.php\/wp-json\/wp\/v2\/tags?post=137742"}],"curies":[{"name":"wp","href":"https:\/\/api.w.org\/{rel}","templated":true}]}}