{"id":137740,"date":"2023-10-13T11:30:48","date_gmt":"2023-10-13T14:30:48","guid":{"rendered":"https:\/\/centraldeportes.com.ar\/?p=43550"},"modified":"2025-02-12T22:23:41","modified_gmt":"2025-02-13T01:23:41","slug":"sierra-chica-y-san-martin-abrieron-una-nueva-fecha-del-clausura","status":"publish","type":"post","link":"https:\/\/cdnoticias.com\/index.php\/2023\/10\/13\/sierra-chica-y-san-martin-abrieron-una-nueva-fecha-del-clausura\/","title":{"rendered":"Sierra Chica y San Mart\u00edn abrieron una nueva fecha del Clausura"},"content":{"rendered":"\n<div class=\"wp-block-group is-layout-constrained wp-block-group-is-layout-constrained\">\n<p>Ambos equipos pusieron en marcha la pen\u00faltima fecha del Torneo Clausura de Divisiones Inferiores y se enfrentaron en cuatro categor\u00edas. La jornada culminar\u00e1 el venidero s\u00e1bado con el resto de los partidos.<!--more--><\/p>\n<hr \/>\n<p>En la previa del fin de semana largo, <strong>Sierra Chica y San Mart\u00edn<\/strong> abrieron este jueves por la tarde la <strong>d\u00e9cima y pen\u00faltima fecha del tercer torneo oficial del a\u00f1o<\/strong> para las Divisiones Juveniles.<\/p>\n<p>\u00a0<\/p>\n<p>Las categor\u00edas menores de ambos elencos se enfrentaron en el c\u00e9sped del Pozo Serrano en cuatro divisiones y repartieron festejos.<\/p>\n<p>\u00a0<\/p>\n<p><strong>El conjunto sierrachiquense, por un lado, se qued\u00f3 con las victorias en D\u00e9cima y Sexta<\/strong>, donde moment\u00e1neamente alcanz\u00f3 la cima del certamen, mientras que <strong>el \u201cLe\u00f3n\u201d gan\u00f3 en Novena y Octava<\/strong>, divisi\u00f3n en la cual escal\u00f3 a lo m\u00e1s alto de la tabla con 22 unidades.<\/p>\n<p>\u00a0<\/p>\n<p>No obstante, <strong>a\u00fan restan por jugarse los m\u00e1s de veinte partidos correspondientes a la jornada<\/strong>, que tendr\u00e1n continuidad el venidero s\u00e1bado en cinco escenarios de la ciudad. Se enfrentar\u00e1n Racing \u2013 Loma Negra, El Fort\u00edn \u2013 Municipales, Embajadores \u2013 Luj\u00e1n, Colonias y Cerros \u2013 Ferro e Hinojo \u2013 Estudiantes.<\/p>\n<p>\u00a0<\/p>\n<ul>\n<li>\n<h6><strong>Resultados:<\/strong><\/h6>\n<\/li>\n<\/ul>\n<p>\u00a0<\/p>\n<p><strong>En D\u00e9cima<\/strong>:<\/p>\n<p>Sierra Chica <strong>4 \u2013 1<\/strong> San Mart\u00edn<\/p>\n<p>\u00a0<\/p>\n<p><strong>En Novena<\/strong>:<\/p>\n<p>Sierra Chica <strong>1 \u2013 2<\/strong> San Mart\u00edn<\/p>\n<p>\u00a0<\/p>\n<p><strong>En Octava<\/strong>:<\/p>\n<p>Sierra Chica <strong>1 \u2013 2<\/strong> San Mart\u00edn<\/p>\n<p>\u00a0<\/p>\n<p><strong>En Sexta:<\/strong><\/p>\n<p>Sierra Chica <strong>2 \u2013 1<\/strong> San Mart\u00edn<\/p>\n<p>\u00a0<\/p>\n<p><em><strong>Foto: Subcomisi\u00f3n de F\u00fatbol San Mart\u00edn.<\/strong><\/em><\/p>\n<\/div>\n","protected":false},"excerpt":{"rendered":"<p>Ambos equipos pusieron en marcha la pen\u00faltima fecha del Torneo Clausura de Divisiones Inferiores y se enfrentaron en cuatro categor\u00edas.<\/p>\n","protected":false},"author":96739694,"featured_media":158121,"comment_status":"closed","ping_status":"closed","sticky":false,"template":"","format":"standard","meta":{"_jetpack_memberships_contains_paid_content":false,"footnotes":""},"categories":[35,40,1],"tags":[],"class_list":["post-137740","post","type-post","status-publish","format-standard","has-post-thumbnail","hentry","category-futbol","category-inferiores","category-portada"],"jetpack_featured_media_url":"https:\/\/i0.wp.com\/cdnoticias.com\/wp-content\/uploads\/2023\/10\/San-Martin-Inferiores.jpg?fit=1080%2C803&ssl=1","jetpack_sharing_enabled":true,"_links":{"self":[{"href":"https:\/\/cdnoticias.com\/index.php\/wp-json\/wp\/v2\/posts\/137740","targetHints":{"allow":["GET"]}}],"collection":[{"href":"https:\/\/cdnoticias.com\/index.php\/wp-json\/wp\/v2\/posts"}],"about":[{"href":"https:\/\/cdnoticias.com\/index.php\/wp-json\/wp\/v2\/types\/post"}],"author":[{"embeddable":true,"href":"https:\/\/cdnoticias.com\/index.php\/wp-json\/wp\/v2\/users\/96739694"}],"replies":[{"embeddable":true,"href":"https:\/\/cdnoticias.com\/index.php\/wp-json\/wp\/v2\/comments?post=137740"}],"version-history":[{"count":0,"href":"https:\/\/cdnoticias.com\/index.php\/wp-json\/wp\/v2\/posts\/137740\/revisions"}],"wp:featuredmedia":[{"embeddable":true,"href":"https:\/\/cdnoticias.com\/index.php\/wp-json\/wp\/v2\/media\/158121"}],"wp:attachment":[{"href":"https:\/\/cdnoticias.com\/index.php\/wp-json\/wp\/v2\/media?parent=137740"}],"wp:term":[{"taxonomy":"category","embeddable":true,"href":"https:\/\/cdnoticias.com\/index.php\/wp-json\/wp\/v2\/categories?post=137740"},{"taxonomy":"post_tag","embeddable":true,"href":"https:\/\/cdnoticias.com\/index.php\/wp-json\/wp\/v2\/tags?post=137740"}],"curies":[{"name":"wp","href":"https:\/\/api.w.org\/{rel}","templated":true}]}}