{"id":137728,"date":"2023-10-11T19:26:40","date_gmt":"2023-10-11T22:26:40","guid":{"rendered":"https:\/\/centraldeportes.com.ar\/?p=43468"},"modified":"2025-02-12T22:24:00","modified_gmt":"2025-02-13T01:24:00","slug":"chingotto-y-navarro-pasaron-a-octavos-sin-completar-el-partido","status":"publish","type":"post","link":"https:\/\/cdnoticias.com\/index.php\/2023\/10\/11\/chingotto-y-navarro-pasaron-a-octavos-sin-completar-el-partido\/","title":{"rendered":"Chingotto y Navarro pasaron a octavos sin completar el partido"},"content":{"rendered":"<p>El olavarriense y el sevillano llevaban la ventaja un set arriba, pero la lesi\u00f3n de un rival y posterior retirada les dio autom\u00e1ticamente el pase a la siguiente instancia del Open de Amsterdam.<\/p>\n<p><!--more--><\/p>\n<hr \/>\n<p>Tres d\u00edas despu\u00e9s de la <a href=\"https:\/\/cdnoticias.com\/federico-chingotto-campeon-del-fip-platinum-sardegna\/\">consagraci\u00f3n<\/a> en Cagliari, <strong>Federico Chingotto<\/strong> regres\u00f3 a las competencias de World Padel Tour y se reincorpor\u00f3 al lado de <strong>\u201cPaquito\u201d Navarro<\/strong> para competir en el <strong>Decathlon Amsterdam Open<\/strong>, el decimoctavo certamen de la temporada dentro del circuito.<\/p>\n<p>&nbsp;<\/p>\n<p>Este mi\u00e9rcoles, en el partido debut del cuadro principal, el olavarriense y su par espa\u00f1ol se midieron en el 20&#215;10 del AFAS Live frente a \u201cLucho\u201d Capra y <strong>Maxi S\u00e1nchez, quien sufri\u00f3 una lesi\u00f3n antes de comenzar el segundo set y se vio imposibilitado de continuar el encuentro<\/strong>.<\/p>\n<p>&nbsp;<\/p>\n<p>Si bien <strong>\u201cChingo\u201d y \u201cPaquito\u201d hab\u00edan ganado 7 \u2013 5 el primer cap\u00edtulo<\/strong>, la retirada de la pareja argentina los clasific\u00f3 directamente a la siguiente instancia del torneo neerland\u00e9s.<\/p>\n<p>&nbsp;<\/p>\n<p>En la continuidad de la competencia, se medir\u00e1n<strong> este jueves por los octavos de final ante la dupla de Alonso Chillar\u00f3n y Ben\u00edtez Lara<\/strong>.<\/p>\n<p>&nbsp;<\/p>\n<p><em><strong>Foto: World Padel Tour.<\/strong><\/em><\/p>\n","protected":false},"excerpt":{"rendered":"<p>El olavarriense y el sevillano llevaban la ventaja un set arriba, pero la lesi\u00f3n de un rival y posterior retirada<\/p>\n","protected":false},"author":96739694,"featured_media":158151,"comment_status":"closed","ping_status":"closed","sticky":false,"template":"","format":"standard","meta":{"_jetpack_memberships_contains_paid_content":false,"footnotes":""},"categories":[1,55],"tags":[],"class_list":["post-137728","post","type-post","status-publish","format-standard","has-post-thumbnail","hentry","category-portada","category-tenis-padel"],"jetpack_featured_media_url":"https:\/\/i0.wp.com\/cdnoticias.com\/wp-content\/uploads\/2023\/10\/Chingotto-Open-de-Amsterdam.jpg?fit=1200%2C675&ssl=1","jetpack_sharing_enabled":true,"_links":{"self":[{"href":"https:\/\/cdnoticias.com\/index.php\/wp-json\/wp\/v2\/posts\/137728","targetHints":{"allow":["GET"]}}],"collection":[{"href":"https:\/\/cdnoticias.com\/index.php\/wp-json\/wp\/v2\/posts"}],"about":[{"href":"https:\/\/cdnoticias.com\/index.php\/wp-json\/wp\/v2\/types\/post"}],"author":[{"embeddable":true,"href":"https:\/\/cdnoticias.com\/index.php\/wp-json\/wp\/v2\/users\/96739694"}],"replies":[{"embeddable":true,"href":"https:\/\/cdnoticias.com\/index.php\/wp-json\/wp\/v2\/comments?post=137728"}],"version-history":[{"count":0,"href":"https:\/\/cdnoticias.com\/index.php\/wp-json\/wp\/v2\/posts\/137728\/revisions"}],"wp:featuredmedia":[{"embeddable":true,"href":"https:\/\/cdnoticias.com\/index.php\/wp-json\/wp\/v2\/media\/158151"}],"wp:attachment":[{"href":"https:\/\/cdnoticias.com\/index.php\/wp-json\/wp\/v2\/media?parent=137728"}],"wp:term":[{"taxonomy":"category","embeddable":true,"href":"https:\/\/cdnoticias.com\/index.php\/wp-json\/wp\/v2\/categories?post=137728"},{"taxonomy":"post_tag","embeddable":true,"href":"https:\/\/cdnoticias.com\/index.php\/wp-json\/wp\/v2\/tags?post=137728"}],"curies":[{"name":"wp","href":"https:\/\/api.w.org\/{rel}","templated":true}]}}