{"id":137727,"date":"2023-10-11T18:41:53","date_gmt":"2023-10-11T21:41:53","guid":{"rendered":"https:\/\/centraldeportes.com.ar\/?p=43461"},"modified":"2025-02-12T22:21:35","modified_gmt":"2025-02-13T01:21:35","slug":"continuidad-para-el-torneo-oficial-y-reunion-en-loma-negra","status":"publish","type":"post","link":"https:\/\/cdnoticias.com\/index.php\/2023\/10\/11\/continuidad-para-el-torneo-oficial-y-reunion-en-loma-negra\/","title":{"rendered":"Continuidad para el Torneo Oficial y reuni\u00f3n en Loma Negra"},"content":{"rendered":"\n<div class=\"wp-block-columns is-layout-flex wp-container-core-columns-is-layout-28f84493 wp-block-columns-is-layout-flex\">\n<div class=\"wp-block-column is-layout-flow wp-block-column-is-layout-flow\" style=\"flex-basis:100%\">\n<div class=\"wp-block-columns is-layout-flex wp-container-core-columns-is-layout-28f84493 wp-block-columns-is-layout-flex\">\n<div class=\"wp-block-column is-layout-flow wp-block-column-is-layout-flow\" style=\"flex-basis:100%\">\n<p>La actividad para el b\u00e1squet formativo de la Asociaci\u00f3n de B\u00e1squet de Olavarr\u00eda tuvo continuidad el pasado fin de semana con una cargada agenda y en la noche del martes, la tradicional reuni\u00f3n de delegados se llev\u00f3 a cabo en Loma Negra.<\/p>\n<p><!--more--><\/p>\n<hr \/>\n<p>Muchos partidos le dieron continuidad al Torneo Oficial y el pasado fin de semana no fue la excepci\u00f3n con una gran cantidad de cruces en los gimnasios de la Ciudad.<\/p>\n<p>\u00a0<\/p>\n<p>Por otro lado, en la noche del martes, se llev\u00f3 a cabo la tradicional reuni\u00f3n de delegados, pero con la particularidad de haberse realizado en Loma Negra que adem\u00e1s de oficializar de anfitri\u00f3n, realiz\u00f3 una agradable cena.<\/p>\n<p>\u00a0<\/p>\n<p>El encuentro tradicional de dirigentes trat\u00f3 diversos temas y prevaleci\u00f3 la importancia de respetan los tiempos del calendario.<\/p>\n<p>\u00a0<\/p>\n<p>[soliloquy id=&#8221;43453&#8243;]<\/p>\n<p>\u00a0<\/p>\n<p>Los resultados:<\/p>\n<p>\u00a0<\/p>\n<p><strong>Chacarita Negro vs El Fort\u00edn:<\/strong><br \/>U15: 73-62<br \/>U17: 118-56<\/p>\n<p><strong>Chacarita Rojo vs El Fort\u00edn:<\/strong><br \/>Mini: 72-64<br \/>U13: 63-61<br \/>U15: 42-54<br \/>U17: 56-59<\/p>\n<p><strong>Loma Negra vs Las Flores:<\/strong><br \/>U17: 68-50<br \/>Mini: 65-78<br \/>U15: 56-50<\/p>\n<p><strong>Jorge Newbery vs Racing Blanco:<\/strong><br \/>U15: 73-15<br \/>U17: 44-46<\/p>\n<p><strong>Racing Azul (0) \u2013 Racing (L):<\/strong><br \/>Mini: 68-79<br \/>U13 :76-73<br \/>U15: 75-31<br \/>U17: 69-44<\/p>\n<p><strong>Loma Negra vs Chacarita Rojo:<\/strong><br \/>U15:65-62<br \/>Mini: 41-95<br \/>U17: 76-33<\/p>\n<p><strong>Independiente vs Racing Blanco:<\/strong><br \/>U15: 117-10<br \/>U17: 74-49<br \/>U15 &#8220;B&#8221;: 41-40<\/p>\n<p><strong>Chacarita Negro vs Chacarita Rojo:<\/strong><br \/>U15: 74-46<br \/>U17: 128-44<\/p>\n<p><strong>Jorge Newbery vs Estudiantes Blanco:<\/strong><br \/>Mini: 20-0<br \/>U13: 28-105<br \/>U15: 61-43<\/p>\n<p><strong>Independiente vs Ferro:<\/strong><br \/>Mini:<br \/>U13:<br \/>U15:<br \/>U17:<br \/>U15 B:<\/p>\n<p><strong>Uni\u00f3n y Progreso Verde vs San Mart\u00edn:<\/strong><br \/>U15: 58-63<br \/>U17: 101-47<br \/>Mini: 54-60<br \/>U13: 66-43<\/p>\n<\/div>\n<\/div>\n<\/div>\n<\/div>\n","protected":false},"excerpt":{"rendered":"<p>La actividad para el b\u00e1squet formativo de la Asociaci\u00f3n de B\u00e1squet de Olavarr\u00eda tuvo continuidad el pasado fin de semana<\/p>\n","protected":false},"author":96739694,"featured_media":158027,"comment_status":"closed","ping_status":"closed","sticky":false,"template":"","format":"standard","meta":{"_jetpack_memberships_contains_paid_content":false,"footnotes":""},"categories":[31,44,1],"tags":[],"class_list":["post-137727","post","type-post","status-publish","format-standard","has-post-thumbnail","hentry","category-basquet","category-inferiores-basquet","category-portada"],"jetpack_featured_media_url":"https:\/\/i0.wp.com\/cdnoticias.com\/wp-content\/uploads\/2023\/10\/inf-abo-9.jpeg?fit=1600%2C1066&ssl=1","jetpack_sharing_enabled":true,"_links":{"self":[{"href":"https:\/\/cdnoticias.com\/index.php\/wp-json\/wp\/v2\/posts\/137727","targetHints":{"allow":["GET"]}}],"collection":[{"href":"https:\/\/cdnoticias.com\/index.php\/wp-json\/wp\/v2\/posts"}],"about":[{"href":"https:\/\/cdnoticias.com\/index.php\/wp-json\/wp\/v2\/types\/post"}],"author":[{"embeddable":true,"href":"https:\/\/cdnoticias.com\/index.php\/wp-json\/wp\/v2\/users\/96739694"}],"replies":[{"embeddable":true,"href":"https:\/\/cdnoticias.com\/index.php\/wp-json\/wp\/v2\/comments?post=137727"}],"version-history":[{"count":0,"href":"https:\/\/cdnoticias.com\/index.php\/wp-json\/wp\/v2\/posts\/137727\/revisions"}],"wp:featuredmedia":[{"embeddable":true,"href":"https:\/\/cdnoticias.com\/index.php\/wp-json\/wp\/v2\/media\/158027"}],"wp:attachment":[{"href":"https:\/\/cdnoticias.com\/index.php\/wp-json\/wp\/v2\/media?parent=137727"}],"wp:term":[{"taxonomy":"category","embeddable":true,"href":"https:\/\/cdnoticias.com\/index.php\/wp-json\/wp\/v2\/categories?post=137727"},{"taxonomy":"post_tag","embeddable":true,"href":"https:\/\/cdnoticias.com\/index.php\/wp-json\/wp\/v2\/tags?post=137727"}],"curies":[{"name":"wp","href":"https:\/\/api.w.org\/{rel}","templated":true}]}}