{"id":137725,"date":"2023-10-11T14:51:16","date_gmt":"2023-10-11T17:51:16","guid":{"rendered":"https:\/\/centraldeportes.com.ar\/?p=43450"},"modified":"2025-02-12T22:21:38","modified_gmt":"2025-02-13T01:21:38","slug":"medallas-para-erripa-y-posse-en-el-argentino-de-san-juan","status":"publish","type":"post","link":"https:\/\/cdnoticias.com\/index.php\/2023\/10\/11\/medallas-para-erripa-y-posse-en-el-argentino-de-san-juan\/","title":{"rendered":"Medallas para Erripa y Posse en el Argentino de San Juan"},"content":{"rendered":"<p>Durante la \u00faltima semana se llev\u00f3 a cabo el Campeonato Argentino de Pista en el Vel\u00f3dromo Vicente Chancay de San Juan y hubo grandes resultados para los deportistas olavarrienses. Charo Posse logr\u00f3 consagrase campeona.<!--more--><\/p>\n<hr \/>\n<p>Charo Posse, Nehu\u00e9n Erripa, Theo y Bautista Sequeira y Adri\u00e1n Castro fueron los ciclistas locales que representaron a la Federaci\u00f3n Olavarr\u00eda Centro y hubo tambi\u00e9n varias medallas.<\/p>\n<p>&nbsp;<\/p>\n<p>Entre los destacados, Charo Posse logr\u00f3 consagrarse campeona argentina.<\/p>\n<p>&nbsp;<\/p>\n<p>Los resultados:<\/p>\n<p>Scratch Damas \u2013 Junior (7,5 KM \u2013 30 giros)<br \/>\n1\u00b0 Charo Posse \u2013 Olavarr\u00eda<br \/>\n2\u00b0 Samara Medrano \u2013 Sanjuanina<br \/>\n3\u00b0 Magal\u00ed Vel\u00e1zquez \u2013 ACINOBA<\/p>\n<p>&nbsp;<\/p>\n<p>Vueltas Puntables Damas Juniors<br \/>\n1\u00b0 Samara Medrano (Sanjuanina) con 26 puntos<br \/>\n2\u00b0 Valentina Tapia (Catamarque\u00f1a) con 20 puntos<br \/>\n3\u00b0 Charo Posse (Olavarr\u00eda Centro) con 16 puntos<\/p>\n<p>&nbsp;<\/p>\n<p>500m Damas Juniors<br \/>\n1\u00b0 Valentina M\u00e9ndez (ACINPROBA) 36.629<br \/>\n2\u00b0 Charo Posse (Olavarr\u00eda Centro) 38.539<br \/>\n3\u00b0 Magal\u00ed Vel\u00e1zquez (ACINOBA) 37.764<\/p>\n<p>&nbsp;<\/p>\n<p>Omnium Varones Sub23<br \/>\n1\u00b0 Tom\u00e1s Moyano (Sanluise\u00f1a) 133 puntos<br \/>\n2\u00b0 Rodrigo D\u00edaz (Sanjuanina) 115 puntos<br \/>\n3\u00b0 Nehu\u00e9n Erripa (Olavarr\u00eda Centro) 105 puntos<\/p>\n<p>&nbsp;<\/p>\n<p>Scratch Varones \u2013 Sub 23 (10 KM \u2013 40 giros)<br \/>\n1\u00b0 Tom\u00e1s Eloy Moyano \u2013 Sanluise\u00f1a<br \/>\n2\u00b0 Mauricio Dom\u00ednguez \u2013 Sanjuanina<br \/>\n3\u00b0 Nehu\u00e9n Erripa Picazo \u2013 Olavarr\u00eda Centro<\/p>\n","protected":false},"excerpt":{"rendered":"<p>Durante la \u00faltima semana se llev\u00f3 a cabo el Campeonato Argentino de Pista en el Vel\u00f3dromo Vicente Chancay de San<\/p>\n","protected":false},"author":96739694,"featured_media":158031,"comment_status":"closed","ping_status":"closed","sticky":false,"template":"","format":"standard","meta":{"_jetpack_memberships_contains_paid_content":false,"footnotes":""},"categories":[30,1],"tags":[],"class_list":["post-137725","post","type-post","status-publish","format-standard","has-post-thumbnail","hentry","category-polideportivo","category-portada"],"jetpack_featured_media_url":"https:\/\/i0.wp.com\/cdnoticias.com\/wp-content\/uploads\/2023\/10\/59-2-e1697046651865.jpg?fit=1080%2C619&ssl=1","jetpack_sharing_enabled":true,"_links":{"self":[{"href":"https:\/\/cdnoticias.com\/index.php\/wp-json\/wp\/v2\/posts\/137725","targetHints":{"allow":["GET"]}}],"collection":[{"href":"https:\/\/cdnoticias.com\/index.php\/wp-json\/wp\/v2\/posts"}],"about":[{"href":"https:\/\/cdnoticias.com\/index.php\/wp-json\/wp\/v2\/types\/post"}],"author":[{"embeddable":true,"href":"https:\/\/cdnoticias.com\/index.php\/wp-json\/wp\/v2\/users\/96739694"}],"replies":[{"embeddable":true,"href":"https:\/\/cdnoticias.com\/index.php\/wp-json\/wp\/v2\/comments?post=137725"}],"version-history":[{"count":0,"href":"https:\/\/cdnoticias.com\/index.php\/wp-json\/wp\/v2\/posts\/137725\/revisions"}],"wp:featuredmedia":[{"embeddable":true,"href":"https:\/\/cdnoticias.com\/index.php\/wp-json\/wp\/v2\/media\/158031"}],"wp:attachment":[{"href":"https:\/\/cdnoticias.com\/index.php\/wp-json\/wp\/v2\/media?parent=137725"}],"wp:term":[{"taxonomy":"category","embeddable":true,"href":"https:\/\/cdnoticias.com\/index.php\/wp-json\/wp\/v2\/categories?post=137725"},{"taxonomy":"post_tag","embeddable":true,"href":"https:\/\/cdnoticias.com\/index.php\/wp-json\/wp\/v2\/tags?post=137725"}],"curies":[{"name":"wp","href":"https:\/\/api.w.org\/{rel}","templated":true}]}}