{"id":137724,"date":"2023-10-11T12:50:32","date_gmt":"2023-10-11T15:50:32","guid":{"rendered":"https:\/\/centraldeportes.com.ar\/?p=43440"},"modified":"2025-02-12T22:21:39","modified_gmt":"2025-02-13T01:21:39","slug":"ciclismo-sabatino-dumerauf-fue-el-ganador","status":"publish","type":"post","link":"https:\/\/cdnoticias.com\/index.php\/2023\/10\/11\/ciclismo-sabatino-dumerauf-fue-el-ganador\/","title":{"rendered":"Ciclismo sabatino: Dumerauf fue el ganador"},"content":{"rendered":"<p>El pasado s\u00e1bado se llev\u00f3 a cabo un nuevo festival sabatino en la pista municipal \u201cHumberto \u00c1ngel Corradi\u201d y con la organizaci\u00f3n de la agrupaci\u00f3n Ciclismo Olavarriense Libre, el triunfo fue para Facundi Dumerauf en la categor\u00eda Libre.<\/p>\n<p><!--more--><\/p>\n<hr \/>\n<p>Un buen n\u00famero de deportistas de Olavarr\u00eda y la regi\u00f3n animaron un buen festival de ciclismo que tuvo varias categor\u00edas aprovechando la soleada tarde y que cont\u00f3 con la fiscalizaci\u00f3n de la nueva agrupaci\u00f3n.<\/p>\n<p>&nbsp;<\/p>\n<p>En Infantiles hubo nutrida participaci\u00f3n y estuvieron Aitana Azimonti, Alma Di Martino, Juan Olalde, Britany Bustos, Lola Tiseira, Oriana Ponce, Dylan L\u00f3pez, Valent\u00edn Flores, Benicio Doleschan, Emanuel Aron, Nacho Leguizam\u00f3n y Santiago Ledesma.<\/p>\n<p>&nbsp;<\/p>\n<p>[soliloquy id=&#8221;43441&#8243;]<\/p>\n<p>&nbsp;<\/p>\n<p>Los resultados:<\/p>\n<p>&nbsp;<\/p>\n<p><strong>M\u00e1ster B1<\/strong><br \/>\n1\u00b0 Claudio Flores (Tres Arroyos)<br \/>\n2\u00b0 Diego Martin (Olavarr\u00eda)<br \/>\n3\u00b0 Segundo Ponce De Le\u00f3n (Tapalque)<br \/>\n4\u00b0 Esteban Roldan (Olavarr\u00eda)<br \/>\n5\u00b0 Mat\u00edas Mansilla (Trenque Lauquen)<\/p>\n<p><strong>Libre<\/strong><br \/>\n1\u00b0 Facundo Dumerauf (Olavarr\u00eda)<br \/>\n2\u00b0 Federico Brun (Olavarr\u00eda)<br \/>\n3\u00b0 Renzo Amoroso (Olavarr\u00eda)<br \/>\n4\u00b0 Claudio Flores (Tres Arroyos)<br \/>\n5\u00b0 Jorge Cejas (Olavarr\u00eda)<\/p>\n<p><strong>M\u00e1ster C Y B2<\/strong><br \/>\n1\u00b0 Miguel Barzola (Olavarr\u00eda)<br \/>\n2\u00b0 Marcelo Lara (Olavarr\u00eda)<br \/>\n3\u00b0 Julio Astrada (Juan J. Paso)<br \/>\n4\u00b0 Fernando Vignau (Azul)<br \/>\n5\u00b0 Javier Lobosco (Trenque Lauquen)<\/p>\n<p><strong>Damas \u00c9lite<\/strong><br \/>\n1\u00b0 Lucrecia Hern\u00e1ndez (Olavarr\u00eda)<br \/>\n2\u00b0 Tania Ponce De Le\u00f3n (Tapalqu\u00e9)<\/p>\n<p><strong>Mayores de 40<\/strong><br \/>\n1\u00b0 Leandro Dastugue (Olavarr\u00eda)<br \/>\n2\u00b0 El\u00edseo Cristian (Olavarr\u00eda)<br \/>\n3\u00b0 Ezequiel Guridi (Olavarr\u00eda)<br \/>\n4\u00b0 Diego Carrizo (Azul)<br \/>\n5\u00b0 Nelson Garc\u00eda (Olavarr\u00eda)<br \/>\n6\u00b0 Juan Gabil\u00e1n (Azul)<\/p>\n<p><strong>Menores de 40<\/strong><br \/>\n1\u00b0 Franco Azimonti (Azul)<br \/>\n2\u00b0 Diego Castro (Olavarr\u00eda)<br \/>\n3\u00b0 Hugo Trumpio (Olavarr\u00eda)<br \/>\n4\u00b0 Leandro Erripa (Olavarr\u00eda)<br \/>\n5\u00b0 Leandro Dastugue (Olavarr\u00eda)<\/p>\n","protected":false},"excerpt":{"rendered":"<p>El pasado s\u00e1bado se llev\u00f3 a cabo un nuevo festival sabatino en la pista municipal \u201cHumberto \u00c1ngel Corradi\u201d y con<\/p>\n","protected":false},"author":96739694,"featured_media":158033,"comment_status":"closed","ping_status":"closed","sticky":false,"template":"","format":"standard","meta":{"_jetpack_memberships_contains_paid_content":false,"footnotes":""},"categories":[30,1],"tags":[],"class_list":["post-137724","post","type-post","status-publish","format-standard","has-post-thumbnail","hentry","category-polideportivo","category-portada"],"jetpack_featured_media_url":"https:\/\/i0.wp.com\/cdnoticias.com\/wp-content\/uploads\/2023\/10\/ciclismo-7.jpeg?fit=1600%2C1066&ssl=1","jetpack_sharing_enabled":true,"_links":{"self":[{"href":"https:\/\/cdnoticias.com\/index.php\/wp-json\/wp\/v2\/posts\/137724","targetHints":{"allow":["GET"]}}],"collection":[{"href":"https:\/\/cdnoticias.com\/index.php\/wp-json\/wp\/v2\/posts"}],"about":[{"href":"https:\/\/cdnoticias.com\/index.php\/wp-json\/wp\/v2\/types\/post"}],"author":[{"embeddable":true,"href":"https:\/\/cdnoticias.com\/index.php\/wp-json\/wp\/v2\/users\/96739694"}],"replies":[{"embeddable":true,"href":"https:\/\/cdnoticias.com\/index.php\/wp-json\/wp\/v2\/comments?post=137724"}],"version-history":[{"count":0,"href":"https:\/\/cdnoticias.com\/index.php\/wp-json\/wp\/v2\/posts\/137724\/revisions"}],"wp:featuredmedia":[{"embeddable":true,"href":"https:\/\/cdnoticias.com\/index.php\/wp-json\/wp\/v2\/media\/158033"}],"wp:attachment":[{"href":"https:\/\/cdnoticias.com\/index.php\/wp-json\/wp\/v2\/media?parent=137724"}],"wp:term":[{"taxonomy":"category","embeddable":true,"href":"https:\/\/cdnoticias.com\/index.php\/wp-json\/wp\/v2\/categories?post=137724"},{"taxonomy":"post_tag","embeddable":true,"href":"https:\/\/cdnoticias.com\/index.php\/wp-json\/wp\/v2\/tags?post=137724"}],"curies":[{"name":"wp","href":"https:\/\/api.w.org\/{rel}","templated":true}]}}