{"id":137721,"date":"2023-10-10T19:52:56","date_gmt":"2023-10-10T22:52:56","guid":{"rendered":"https:\/\/centraldeportes.com.ar\/?p=43425"},"modified":"2025-02-12T22:21:43","modified_gmt":"2025-02-13T01:21:43","slug":"olavarrienses-en-afa-mateo-mendia-volvio-a-dar-la-vuelta-olimpica-con-boca","status":"publish","type":"post","link":"https:\/\/cdnoticias.com\/index.php\/2023\/10\/10\/olavarrienses-en-afa-mateo-mendia-volvio-a-dar-la-vuelta-olimpica-con-boca\/","title":{"rendered":"Olavarrienses en AFA: Mateo Mend\u00eda volvi\u00f3 a dar la vuelta ol\u00edmpica con Boca"},"content":{"rendered":"\n<div class=\"wp-block-group is-layout-constrained wp-block-group-is-layout-constrained\">\n<p>El defensor surgido de Loma Negra grit\u00f3 campe\u00f3n en Cuarta Divisi\u00f3n y volvi\u00f3 a sumar otro t\u00edtulo de Categor\u00eda. Adem\u00e1s, en Reserva, varios representantes locales formaron parte de la 9\u00b0 fecha de la Copa Proyecci\u00f3n.<!--more--><\/p>\n<hr \/>\n<p><strong>El plantel \u201cXeneize\u201d de Cuarta Divisi\u00f3n<\/strong> que semanas atr\u00e1s se qued\u00f3 con la <a href=\"https:\/\/cdnoticias.com\/mateo-mendia-se-corono-campeon-intercontinental-con-la-sub-20-de-boca\/\">Copa Intercontinental Sub 20<\/a> <strong>volvi\u00f3 a festejar un t\u00edtulo<\/strong>, esta vez en el \u00e1mbito dom\u00e9stico. Y fue con el triunfo 2 a 0 sobre Defensa y Justicia a falta de dos fechas para el cierre del campeonato juvenil.<\/p>\n<p>\u00a0<\/p>\n<p>Como lo hizo durante todo el certamen,<strong> Mateo Mend\u00eda<\/strong> form\u00f3 parte del equipo que dio la vuelta ol\u00edmpica. Adem\u00e1s, con este logro, Boca consigui\u00f3 la triple corona en este 2023.<\/p>\n<p>\u00a0<\/p>\n<p>Por otro lado, <strong>\u00a0los juveniles olavarrienses de Sarmiento de Jun\u00edn tambi\u00e9n tuvieron acci\u00f3n el fin de semana<\/strong>. En Quinta, el \u201cVerde\u201d venci\u00f3 3 a 2 a Platense con<strong> Valent\u00edn Manolio<\/strong> en el arco y <strong>Tom\u00e1s L\u00f3pez<\/strong> como uno de los puntas. Adem\u00e1s, en Sexta, <strong>Uriel Ruiz<\/strong> fue titular en la derrota 4 a 1 del conjunto juninense frente al \u201cCalamar\u201d.<\/p>\n<p>\u00a0<\/p>\n<div class=\"tiled-gallery type-rectangular tiled-gallery-unresized\" data-original-width=\"800\" data-carousel-extra='null' itemscope itemtype=\"http:\/\/schema.org\/ImageGallery\" > <div class=\"gallery-row\" style=\"width: 800px; height: 447px;\" data-original-width=\"800\" data-original-height=\"447\" > <div class=\"gallery-group images-1\" style=\"width: 800px; height: 447px;\" data-original-width=\"800\" data-original-height=\"447\" > <div class=\"tiled-gallery-item tiled-gallery-item-large\" itemprop=\"associatedMedia\" itemscope itemtype=\"http:\/\/schema.org\/ImageObject\"> <a href=\"https:\/\/i0.wp.com\/cdnoticias.com\/wp-content\/uploads\/2022\/01\/ovni1.jpg?ssl=1\" border=\"0\" itemprop=\"url\"> <meta itemprop=\"width\" content=\"796\"> <meta itemprop=\"height\" content=\"443\"> <img decoding=\"async\" class=\"\" data-attachment-id=\"43431\" data-orig-file=\"https:\/\/cdnoticias.com\/wp-content\/uploads\/2022\/01\/ovni1.jpg\" data-orig-size=\"720,401\" data-comments-opened=\"\" data-image-meta=\"{&quot;aperture&quot;:&quot;0&quot;,&quot;credit&quot;:&quot;&quot;,&quot;camera&quot;:&quot;&quot;,&quot;caption&quot;:&quot;&quot;,&quot;created_timestamp&quot;:&quot;0&quot;,&quot;copyright&quot;:&quot;&quot;,&quot;focal_length&quot;:&quot;0&quot;,&quot;iso&quot;:&quot;0&quot;,&quot;shutter_speed&quot;:&quot;0&quot;,&quot;title&quot;:&quot;&quot;,&quot;orientation&quot;:&quot;0&quot;}\" data-image-title=\"ovni1\" data-image-description=\"\" data-medium-file=\"https:\/\/i0.wp.com\/cdnoticias.com\/wp-content\/uploads\/2022\/01\/ovni1.jpg?fit=300%2C167&#038;ssl=1\" data-large-file=\"https:\/\/i0.wp.com\/cdnoticias.com\/wp-content\/uploads\/2022\/01\/ovni1.jpg?fit=720%2C401&#038;ssl=1\" src=\"https:\/\/i0.wp.com\/cdnoticias.com\/wp-content\/uploads\/2022\/01\/ovni1.jpg?w=796&#038;h=443&#038;ssl=1\" srcset=\"https:\/\/i0.wp.com\/cdnoticias.com\/wp-content\/uploads\/2022\/01\/ovni1.jpg?w=720&amp;ssl=1 720w, https:\/\/i0.wp.com\/cdnoticias.com\/wp-content\/uploads\/2022\/01\/ovni1.jpg?resize=300%2C167&amp;ssl=1 300w\" width=\"796\" height=\"443\" loading=\"lazy\" data-original-width=\"796\" data-original-height=\"443\" itemprop=\"http:\/\/schema.org\/image\" title=\"ovni1\" alt=\"ovni1\" style=\"width: 796px; height: 443px;\" \/> <\/a> <\/div> <\/div> <!-- close group --> <\/div> <!-- close row --> <\/div>\n<p>\u00a0<\/p>\n<ul>\n<li>\n<h6><strong>Reserva AFA<\/strong><\/h6>\n<\/li>\n<\/ul>\n<p>Entre martes y viernes pasado, la categor\u00eda preliminar jug\u00f3 \u00edntegramente la <strong>9\u00b0 fecha de la Copa Proyecci\u00f3n<\/strong> y cinco futbolistas de nuestra ciudad dieron el presente.<\/p>\n<p>\u00a0<\/p>\n<p>En primer t\u00e9rmino, Sarmiento de Jun\u00edn, con <strong>Lautaro Diuono<\/strong> en el banco de suplentes, igual\u00f3 0 a 0 con Racing. A su vez, el que volvi\u00f3 al triunfo fue Independiente, que venci\u00f3 2 a 1 a Barracas con <strong>Santiago Salle<\/strong> como opci\u00f3n de variante.<\/p>\n<p>\u00a0<\/p>\n<p>En paralelo,<strong> Lucio Falasco<\/strong> form\u00f3 parte del once inicial de Godoy Cruz en la derrota 1 a 0 contra San Lorenzo. M\u00e1s tarde, a los 19\u2019 del segundo tiempo, sali\u00f3 reemplazado. Quien tambi\u00e9n arranc\u00f3 de titular y complet\u00f3 todo el cotejo fue <strong>Mauricio Cardillo<\/strong>, en el festejo 2 a 0 de Lan\u00fas sobre Central C\u00f3rdoba.<\/p>\n<p>\u00a0<\/p>\n<p>Por su parte, Boca cumpli\u00f3 con la fecha y recuper\u00f3 el postergado de la 5\u00b0 cita del campeonato. En el primero respectivamente derrot\u00f3 1 a 0 a Uni\u00f3n, mientras que en el pendiente, qued\u00f3 en tablas 1 a 1 con el \u201cFerroviario\u201d de Santiago del Estero. En ambos duelos, Mateo Mend\u00eda ocup\u00f3 un puesto en el banco de suplentes.<\/p>\n<p>\u00a0<\/p>\n<ul>\n<li>\n<h6><strong>Debut &#8220;Azulgrana&#8221;<\/strong><\/h6>\n<\/li>\n<\/ul>\n<p>Bartolom\u00e9 y Segundo J\u00e1uregui, ambos categor\u00edas 2011, fueron fichados por San Lorenzo y el pasado domingo tuvieron su estreno en el cl\u00e1sico contra Hurac\u00e1n. Sin embargo, seguir\u00e1n entrenando y jugando con Estudiantes y viajar\u00e1n espor\u00e1dicamente los domingos para jugar en las formativas del &#8220;Cicl\u00f3n&#8221; con la posibilidad a futuro de emigrar a la pensi\u00f3n.<\/p>\n<p>\u00a0<\/p>\n<p><\/p>\n<figure class=\"wp-block-image\">\n<figure id=\"attachment_43435\" aria-describedby=\"caption-attachment-43435\" style=\"width: 1200px\" class=\"wp-caption alignnone\"><img data-recalc-dims=\"1\" loading=\"lazy\" decoding=\"async\" class=\"wp-image-43435\" src=\"https:\/\/i0.wp.com\/cdnoticias.com\/wp-content\/uploads\/2023\/10\/Bartolome-y-Segunda-Jauregui-CASLA-e1696980612640.jpeg?resize=800%2C508&#038;ssl=1\" alt=\"\" width=\"800\" height=\"508\" \/><figcaption id=\"caption-attachment-43435\" class=\"wp-caption-text\">Cr\u00e9dito: Prensa CAE<\/figcaption><\/figure>\n<\/figure>\n<p><\/p>\n<p>\u00a0<\/p>\n<p><em><strong>Foto: Boca Predio.<\/strong><\/em><\/p>\n<\/div>\n","protected":false},"excerpt":{"rendered":"<p>El defensor surgido de Loma Negra grit\u00f3 campe\u00f3n en Cuarta Divisi\u00f3n y volvi\u00f3 a sumar otro t\u00edtulo de Categor\u00eda. Adem\u00e1s,<\/p>\n","protected":false},"author":96739694,"featured_media":158041,"comment_status":"closed","ping_status":"closed","sticky":false,"template":"","format":"standard","meta":{"_jetpack_memberships_contains_paid_content":false,"footnotes":""},"categories":[37,42,1],"tags":[],"class_list":["post-137721","post","type-post","status-publish","format-standard","has-post-thumbnail","hentry","category-futbol-profesional","category-olavarrienses-en-lugares","category-portada"],"jetpack_featured_media_url":"https:\/\/i0.wp.com\/cdnoticias.com\/wp-content\/uploads\/2023\/10\/Mateo-Mendia-campeon-Cuarta-Division-2023.jpg?fit=1200%2C800&ssl=1","jetpack_sharing_enabled":true,"_links":{"self":[{"href":"https:\/\/cdnoticias.com\/index.php\/wp-json\/wp\/v2\/posts\/137721","targetHints":{"allow":["GET"]}}],"collection":[{"href":"https:\/\/cdnoticias.com\/index.php\/wp-json\/wp\/v2\/posts"}],"about":[{"href":"https:\/\/cdnoticias.com\/index.php\/wp-json\/wp\/v2\/types\/post"}],"author":[{"embeddable":true,"href":"https:\/\/cdnoticias.com\/index.php\/wp-json\/wp\/v2\/users\/96739694"}],"replies":[{"embeddable":true,"href":"https:\/\/cdnoticias.com\/index.php\/wp-json\/wp\/v2\/comments?post=137721"}],"version-history":[{"count":0,"href":"https:\/\/cdnoticias.com\/index.php\/wp-json\/wp\/v2\/posts\/137721\/revisions"}],"wp:featuredmedia":[{"embeddable":true,"href":"https:\/\/cdnoticias.com\/index.php\/wp-json\/wp\/v2\/media\/158041"}],"wp:attachment":[{"href":"https:\/\/cdnoticias.com\/index.php\/wp-json\/wp\/v2\/media?parent=137721"}],"wp:term":[{"taxonomy":"category","embeddable":true,"href":"https:\/\/cdnoticias.com\/index.php\/wp-json\/wp\/v2\/categories?post=137721"},{"taxonomy":"post_tag","embeddable":true,"href":"https:\/\/cdnoticias.com\/index.php\/wp-json\/wp\/v2\/tags?post=137721"}],"curies":[{"name":"wp","href":"https:\/\/api.w.org\/{rel}","templated":true}]}}