{"id":137710,"date":"2023-10-08T21:27:45","date_gmt":"2023-10-09T00:27:45","guid":{"rendered":"https:\/\/centraldeportes.com.ar\/?p=43357"},"modified":"2025-02-12T22:22:03","modified_gmt":"2025-02-13T01:22:03","slug":"el-fortin-derroto-a-embajadores-y-le-corto-un-largo-invicto-de-local","status":"publish","type":"post","link":"https:\/\/cdnoticias.com\/index.php\/2023\/10\/08\/el-fortin-derroto-a-embajadores-y-le-corto-un-largo-invicto-de-local\/","title":{"rendered":"El Fort\u00edn derrot\u00f3 a Embajadores y le cort\u00f3 un largo invicto de local"},"content":{"rendered":"<p>Por la 8\u00b0 fecha del Torneo Oficial de la LFO, el elenco \u201cFortinero\u201d golpe\u00f3 en el complemento, le gan\u00f3 2 a 0 a Embajadores y es escolta del campeonato junto con Estudiantes. El CEO no ca\u00eda como local desde noviembre del 2021.<!--more--><\/p>\n<hr \/>\n<p>Las rachas est\u00e1n para romperse y qued\u00f3 demostrado este domingo por la tarde en el estadio Clemente \u201cTete\u201d Di Carlo. En un duelo clave para seguir de cerca en la pelea por el primer puesto, <strong>Embajadores recibi\u00f3 a El Fort\u00edn por la 8\u00b0 cita del Torneo Oficial de Primera Divisi\u00f3n y Reserva<\/strong>.<\/p>\n<p>&nbsp;<\/p>\n<p><strong>El equipo de Fabricio Torres<\/strong> encontr\u00f3 las emociones en la segunda mitad, <strong>venci\u00f3 2 a 0 al CEO con goles de Emiliano Piecenti y Yoel Gonz\u00e1lez<\/strong>, y recuper\u00f3 el segundo escal\u00f3n del campeonato junto con Estudiantes. Adem\u00e1s, le cort\u00f3 un largo invicto en el sint\u00e9tico.<\/p>\n<p>&nbsp;<\/p>\n<p><strong>Seg\u00fan datos estad\u00edsticos del reconocido periodista deportivo Fabi\u00e1n Casanella, Embajadores no ca\u00eda en condici\u00f3n de local desde el 24 de noviembre del 2021<\/strong>. En aquella ocasi\u00f3n el conjunto de la avenida Avellaneda perdi\u00f3 3 a 2 contra Estudiantes por el Apertura \u201cNorberto Desanzo\u201d.<\/p>\n<p>&nbsp;<\/p>\n<ul>\n<li>\n<h6><strong>Detalles del partido<\/strong><\/h6>\n<\/li>\n<\/ul>\n<p>&nbsp;<\/p>\n<p>El marcador no se movi\u00f3 dentro de los primeros 45 minutos, pero las acciones en el campo de juego fueron parejas, por momentos de ida y vuelta y con una ocasi\u00f3n de peligro por lado. Arranc\u00f3 m\u00e1s incisivo El Fort\u00edn generando desde la mitad de la cancha hasta que el local recuper\u00f3 la pelota. Incluso a los 10\u2019 El Fort\u00edn perdi\u00f3 a Benito por lesi\u00f3n (ingres\u00f3 bien el \u201cCebolla\u201d Rodr\u00edguez).<\/p>\n<p>&nbsp;<\/p>\n<p>La m\u00e1s clara de Embajadores lleg\u00f3 a los 23\u2019. Daffara \u2013 desequilibrante en el primer tiempo \u2013 se meti\u00f3 en el \u00e1rea asistido por Rojas, gir\u00f3 ante la marca de Teves, le peg\u00f3 de media vuelta y alcanz\u00f3 a tapar r\u00e1pido N\u00e9stor Ram\u00edrez, quien retorn\u00f3 a la titularidad en el arco \u201cFortinero\u201d.<\/p>\n<p>&nbsp;<\/p>\n<p>[soliloquy id=&#8221;43339&#8243;]<\/p>\n<p>&nbsp;<\/p>\n<p>Sobre el cierre del primer tiempo se luci\u00f3 Barrag\u00e1n para salvar a su equipo a los 43\u2019. Con un notable manotazo le ahog\u00f3 el grito de gol al \u201cCebolla\u201d Rodr\u00edguez, que conect\u00f3 de cabeza en soledad previo a un tiro de esquina desde el bander\u00edn izquierdo.<\/p>\n<p>&nbsp;<\/p>\n<p>Los de Bilbao se aproximaron enseguida en el segundo tiempo. A los 51\u2019 Lareu la arm\u00f3 para \u00e9l y sac\u00f3 un d\u00e9bil zurdazo desde buena posici\u00f3n que se perdi\u00f3 a cent\u00edmetros del palo derecho de Ram\u00edrez. Sin embargo, minutos m\u00e1s tarde, se quebr\u00f3 la paridad en el tanteador.<\/p>\n<p>&nbsp;<\/p>\n<p><strong>Corr\u00edan 55\u2019 en el cron\u00f3metro. Desde el andarivel derecho Teves, con un pelotazo profundo a la espalda de los centrales, le puso la pelota en la cabeza a Emiliano Piecenti a la altura del segundo palo y el \u201cConejo\u201d se la cambi\u00f3 de palo a Barrag\u00e1n para el primer grito de la tarde.<\/strong><\/p>\n<p>&nbsp;<\/p>\n<p>Ante la desventaja, los ingresos de Moro y Sacchi en el CEO fueron claves para profundizar por izquierda. Si bien lo sali\u00f3 a buscar y apret\u00f3 a El Fort\u00edn en su terreno, Embajadores se fue quedando sin ideas y se nubl\u00f3 a la hora de generar peligro para llegar al empate.<\/p>\n<p>&nbsp;<\/p>\n<h6>A minutos del final, El Fort\u00edn lo liquid\u00f3<\/h6>\n<p><strong>Iban 84\u2019 y la jugada fue toda de Tolosa. De gran maniobra individual, el volante entr\u00f3 a pura gambeta por el sector derecho, cruz\u00f3 un potente remate que pudo contener Barrag\u00e1n, pero el rebote le qued\u00f3 a Yoel Gonz\u00e1lez que solo la tuvo que empujar a la red para el 2 a 0 definitivo en el sint\u00e9tico.<\/strong><\/p>\n<p><strong>\u00a0<\/strong><\/p>\n<p><strong>S\u00edntesis Embajadores \u2013 El Fort\u00edn: \u00a0<\/strong><\/p>\n<p><strong>Embajadores (0):<\/strong> Maximiliano Barrag\u00e1n; Bruno Di Bello, Lautaro Sasali, Diego Barzola (J. Puente), Franco Lopreite (N. Moro); Nicol\u00e1s Lareu, Juan Cruz Areco, Esteban G\u00f3mez (S. Sacchi), Juan Manuel \u00c1lvarez; Nicol\u00e1s Daffara y Luciano Rojas. DT: Luciano Bilbao.<\/p>\n<p><strong>El Fort\u00edn (2): <\/strong>N\u00e9stor Ram\u00edrez; Emanuel Teves, Hugo Larregina, Enzo Barrientos, Cristian Echarri; Marcos Bonavetti, Agust\u00edn Hatrick (G. Di Tommaso), Ariel Tolosa; Emiliano Piecenti (A. Arce), Leonardo Benito (S. Rodr\u00edguez) y Yoel Gonz\u00e1lez. DT: Fabricio Torres.<\/p>\n<p><strong>Goles<\/strong>: 10m. ST Emiliano Piecenti y 39m. ST Yoel Gonz\u00e1lez (EF).<\/p>\n<p><strong>Amonestados<\/strong>: Piecenti, Barrientos, Di Tommaso y Teves (El Fort\u00edn).<\/p>\n<p><strong>Expulsados<\/strong>: No hubo.<\/p>\n<p><strong>\u00c1rbitro<\/strong>: Marcos Palavecino. <strong>Estadio<\/strong>: Clemente \u201cTete\u201d Di Carlo.<\/p>\n<p><strong>Reserva:<\/strong> Embajadores <strong>2 \u2013 2<\/strong> El Fort\u00edn.<\/p>\n","protected":false},"excerpt":{"rendered":"<p>Por la 8\u00b0 fecha del Torneo Oficial de la LFO, el elenco \u201cFortinero\u201d golpe\u00f3 en el complemento, le gan\u00f3 2<\/p>\n","protected":false},"author":96739694,"featured_media":158072,"comment_status":"closed","ping_status":"closed","sticky":false,"template":"","format":"standard","meta":{"_jetpack_memberships_contains_paid_content":false,"footnotes":""},"categories":[35,1,41],"tags":[],"class_list":["post-137710","post","type-post","status-publish","format-standard","has-post-thumbnail","hentry","category-futbol","category-portada","category-primera-y-reserva"],"jetpack_featured_media_url":"https:\/\/i0.wp.com\/cdnoticias.com\/wp-content\/uploads\/2023\/10\/ceo-fortin-6.jpeg?fit=1600%2C1066&ssl=1","jetpack_sharing_enabled":true,"_links":{"self":[{"href":"https:\/\/cdnoticias.com\/index.php\/wp-json\/wp\/v2\/posts\/137710","targetHints":{"allow":["GET"]}}],"collection":[{"href":"https:\/\/cdnoticias.com\/index.php\/wp-json\/wp\/v2\/posts"}],"about":[{"href":"https:\/\/cdnoticias.com\/index.php\/wp-json\/wp\/v2\/types\/post"}],"author":[{"embeddable":true,"href":"https:\/\/cdnoticias.com\/index.php\/wp-json\/wp\/v2\/users\/96739694"}],"replies":[{"embeddable":true,"href":"https:\/\/cdnoticias.com\/index.php\/wp-json\/wp\/v2\/comments?post=137710"}],"version-history":[{"count":0,"href":"https:\/\/cdnoticias.com\/index.php\/wp-json\/wp\/v2\/posts\/137710\/revisions"}],"wp:featuredmedia":[{"embeddable":true,"href":"https:\/\/cdnoticias.com\/index.php\/wp-json\/wp\/v2\/media\/158072"}],"wp:attachment":[{"href":"https:\/\/cdnoticias.com\/index.php\/wp-json\/wp\/v2\/media?parent=137710"}],"wp:term":[{"taxonomy":"category","embeddable":true,"href":"https:\/\/cdnoticias.com\/index.php\/wp-json\/wp\/v2\/categories?post=137710"},{"taxonomy":"post_tag","embeddable":true,"href":"https:\/\/cdnoticias.com\/index.php\/wp-json\/wp\/v2\/tags?post=137710"}],"curies":[{"name":"wp","href":"https:\/\/api.w.org\/{rel}","templated":true}]}}