{"id":137692,"date":"2023-10-06T00:45:10","date_gmt":"2023-10-06T03:45:10","guid":{"rendered":"https:\/\/centraldeportes.com.ar\/?p=43170"},"modified":"2025-02-12T22:02:55","modified_gmt":"2025-02-13T01:02:55","slug":"boca-a-traves-de-los-penales-elimino-a-palmeiras-y-es-finalista-de-la-libertadores","status":"publish","type":"post","link":"https:\/\/cdnoticias.com\/index.php\/2023\/10\/06\/boca-a-traves-de-los-penales-elimino-a-palmeiras-y-es-finalista-de-la-libertadores\/","title":{"rendered":"Boca, a trav\u00e9s de los penales, elimin\u00f3 a Palmeiras y es finalista de la Libertadores"},"content":{"rendered":"\n<div class=\"wp-block-group is-layout-constrained wp-block-group-is-layout-constrained\">\n<p>Con el olavarriense Lucas Janson en el banco de suplentes, el \u201cXeneize\u201d se impuso 4 a 2 en la tanda decisiva tras igualar 1 a 1 en la revancha y en el global de semifinales. Volver\u00e1 a disputar una definici\u00f3n continental despu\u00e9s de cinco a\u00f1os.<!--more--><\/p>\n<hr \/>\n<p>La s\u00e9ptima est\u00e1 cada vez m\u00e1s cerca para <strong>Boca Juniors<\/strong>, que en la noche de este jueves volvi\u00f3 a hacerse gigante en los penales de la mano de Sergio Romero.<\/p>\n<p>\u00a0<\/p>\n<p>Tras el 0 a 0 de la ida en La Bombonera,<strong> el \u201cXeneize\u201d<\/strong> afront\u00f3 la revancha de semifinales en el Estadio Allianz Parque de Sao Paulo y <strong>termin\u00f3 empatando 1 a 1 con Palmeiras<\/strong> en un partido que lo ten\u00eda controlado hasta la expulsi\u00f3n de Marcos Rojo a los 65\u2019por doble amonestaci\u00f3n.<\/p>\n<p>\u00a0<\/p>\n<p>Lo comenz\u00f3 ganando el equipo argentino con gol de <strong>Edinson Cavani<\/strong> \u2013 asistido por Merentiel \u2013 a los 23\u2019 de la primera parte, pero el Verdao, ya con ventaja num\u00e9rica, lo equipar\u00f3 con un notable zurdazo del uruguayo <strong>Joaqu\u00edn Piquerez<\/strong> en el minuto 73.<\/p>\n<p>\u00a0<\/p>\n<p><strong>Y en los penales, volvi\u00f3 a hacer gigante \u201cChiquito\u201d Romero<\/strong>. El ex Racing le contuvo las definiciones Raphael Veiga y Gustavo G\u00f3mez en lo que<strong> culmin\u00f3 festejo 4 a 2 para Boc<\/strong>a, que consigui\u00f3 autom\u00e1ticamente el pasaje a la final de la Copa Libertadores de Am\u00e9rica.<\/p>\n<p>\u00a0<\/p>\n<p>El olavarriense <strong>Lucas Janson<\/strong> \u2013 tuvo revancha tras la eliminaci\u00f3n de V\u00e9lez en 2022 \u2013 <strong>comenz\u00f3 el partido entre los suplentes, pero esta vez no cont\u00f3 con minutos en cancha<\/strong>.<\/p>\n<p>\u00a0<\/p>\n<p>De esta manera y tras cinco a\u00f1os sin llegar al \u00faltimo partido de la competencia, <strong>Boca disputar\u00e1 la final contra Fluminense el pr\u00f3ximo s\u00e1bado 4 de noviembre en el Maracan\u00e1 de R\u00edo de Janeiro<\/strong>.<\/p>\n<p>\u00a0<\/p>\n<p><em><strong>Foto: @fotosbosteras.<\/strong><\/em><\/p>\n<\/div>\n","protected":false},"excerpt":{"rendered":"<p>Con el olavarriense Lucas Janson en el banco de suplentes, el \u201cXeneize\u201d se impuso 4 a 2 en la tanda<\/p>\n","protected":false},"author":96739694,"featured_media":158000,"comment_status":"closed","ping_status":"closed","sticky":false,"template":"","format":"standard","meta":{"_jetpack_memberships_contains_paid_content":false,"footnotes":""},"categories":[37,1],"tags":[],"class_list":["post-137692","post","type-post","status-publish","format-standard","has-post-thumbnail","hentry","category-futbol-profesional","category-portada"],"jetpack_featured_media_url":"https:\/\/i0.wp.com\/cdnoticias.com\/wp-content\/uploads\/2023\/10\/Boca-Juniors-a-la-final-de-Libertadores.jpg?fit=1200%2C813&ssl=1","jetpack_sharing_enabled":true,"_links":{"self":[{"href":"https:\/\/cdnoticias.com\/index.php\/wp-json\/wp\/v2\/posts\/137692","targetHints":{"allow":["GET"]}}],"collection":[{"href":"https:\/\/cdnoticias.com\/index.php\/wp-json\/wp\/v2\/posts"}],"about":[{"href":"https:\/\/cdnoticias.com\/index.php\/wp-json\/wp\/v2\/types\/post"}],"author":[{"embeddable":true,"href":"https:\/\/cdnoticias.com\/index.php\/wp-json\/wp\/v2\/users\/96739694"}],"replies":[{"embeddable":true,"href":"https:\/\/cdnoticias.com\/index.php\/wp-json\/wp\/v2\/comments?post=137692"}],"version-history":[{"count":0,"href":"https:\/\/cdnoticias.com\/index.php\/wp-json\/wp\/v2\/posts\/137692\/revisions"}],"wp:featuredmedia":[{"embeddable":true,"href":"https:\/\/cdnoticias.com\/index.php\/wp-json\/wp\/v2\/media\/158000"}],"wp:attachment":[{"href":"https:\/\/cdnoticias.com\/index.php\/wp-json\/wp\/v2\/media?parent=137692"}],"wp:term":[{"taxonomy":"category","embeddable":true,"href":"https:\/\/cdnoticias.com\/index.php\/wp-json\/wp\/v2\/categories?post=137692"},{"taxonomy":"post_tag","embeddable":true,"href":"https:\/\/cdnoticias.com\/index.php\/wp-json\/wp\/v2\/tags?post=137692"}],"curies":[{"name":"wp","href":"https:\/\/api.w.org\/{rel}","templated":true}]}}