{"id":137691,"date":"2023-10-06T00:11:33","date_gmt":"2023-10-06T03:11:33","guid":{"rendered":"https:\/\/centraldeportes.com.ar\/?p=43167"},"modified":"2025-02-12T22:02:56","modified_gmt":"2025-02-13T01:02:56","slug":"federico-chingotto-volvera-a-ponerse-la-celeste-y-blanca","status":"publish","type":"post","link":"https:\/\/cdnoticias.com\/index.php\/2023\/10\/06\/federico-chingotto-volvera-a-ponerse-la-celeste-y-blanca\/","title":{"rendered":"Federico Chingotto volver\u00e1 a ponerse la celeste y blanca"},"content":{"rendered":"<p>Formar\u00e1 parte de la Delegaci\u00f3n nacional masculina que disputar\u00e1 el Panamericano de P\u00e1del en Venezuela.<!--more--><\/p>\n<hr \/>\n<p>El olavarriense <strong>\u201cFede\u201d Chingotto<\/strong>, de buen presente en el circuito profesional de World Padel Tour y Premier Padel, <strong>fue convocado por la Selecci\u00f3n Argentina para el Panamericano Absoluto de P\u00e1del<\/strong> a realizarse en Venezuela.<\/p>\n<p>&nbsp;<\/p>\n<p>La lista de citados, dada a conocer d\u00edas atr\u00e1s, sufri\u00f3 algunas modificaciones en la rama masculina que estar\u00e1 comandada por <strong>Rodrigo Ovide<\/strong>.<\/p>\n<p>&nbsp;<\/p>\n<p>Adem\u00e1s del representante local, integran la n\u00f3mina Luciano Capra, Alex Chozas, Leandro Augsburguer, Gonzalo Alfonso, Juan De Pascual, Miguel Lamperti y Ramiro Moyano.<\/p>\n<p>&nbsp;<\/p>\n<p><strong>Caracas ser\u00e1 la ciudad que albergar\u00e1 el evento sudamericano desde el pr\u00f3ximo 18 al 22 de octubre<\/strong>, donde tambi\u00e9n participar\u00e1n la Selecci\u00f3n anfitriona, Brasil, Paraguay, Uruguay, Chile, Canad\u00e1, M\u00e9xico y Ecuador.<\/p>\n<p>&nbsp;<\/p>\n<p>Vale recordar que la Selecci\u00f3n nacional defender\u00e1 el t\u00edtulo en la capital venezolana luego de su consagrarse en Chile durante la anterior edici\u00f3n.<\/p>\n","protected":false},"excerpt":{"rendered":"<p>Formar\u00e1 parte de la Delegaci\u00f3n nacional masculina que disputar\u00e1 el Panamericano de P\u00e1del en Venezuela.<\/p>\n","protected":false},"author":96739694,"featured_media":158002,"comment_status":"closed","ping_status":"closed","sticky":false,"template":"","format":"standard","meta":{"_jetpack_memberships_contains_paid_content":false,"footnotes":""},"categories":[1,55],"tags":[],"class_list":["post-137691","post","type-post","status-publish","format-standard","has-post-thumbnail","hentry","category-portada","category-tenis-padel"],"jetpack_featured_media_url":"https:\/\/i0.wp.com\/cdnoticias.com\/wp-content\/uploads\/2023\/10\/Chingotto-Seleccion-Argentina-e1696561873174.jpg?fit=1080%2C664&ssl=1","jetpack_sharing_enabled":true,"_links":{"self":[{"href":"https:\/\/cdnoticias.com\/index.php\/wp-json\/wp\/v2\/posts\/137691","targetHints":{"allow":["GET"]}}],"collection":[{"href":"https:\/\/cdnoticias.com\/index.php\/wp-json\/wp\/v2\/posts"}],"about":[{"href":"https:\/\/cdnoticias.com\/index.php\/wp-json\/wp\/v2\/types\/post"}],"author":[{"embeddable":true,"href":"https:\/\/cdnoticias.com\/index.php\/wp-json\/wp\/v2\/users\/96739694"}],"replies":[{"embeddable":true,"href":"https:\/\/cdnoticias.com\/index.php\/wp-json\/wp\/v2\/comments?post=137691"}],"version-history":[{"count":0,"href":"https:\/\/cdnoticias.com\/index.php\/wp-json\/wp\/v2\/posts\/137691\/revisions"}],"wp:featuredmedia":[{"embeddable":true,"href":"https:\/\/cdnoticias.com\/index.php\/wp-json\/wp\/v2\/media\/158002"}],"wp:attachment":[{"href":"https:\/\/cdnoticias.com\/index.php\/wp-json\/wp\/v2\/media?parent=137691"}],"wp:term":[{"taxonomy":"category","embeddable":true,"href":"https:\/\/cdnoticias.com\/index.php\/wp-json\/wp\/v2\/categories?post=137691"},{"taxonomy":"post_tag","embeddable":true,"href":"https:\/\/cdnoticias.com\/index.php\/wp-json\/wp\/v2\/tags?post=137691"}],"curies":[{"name":"wp","href":"https:\/\/api.w.org\/{rel}","templated":true}]}}