{"id":137689,"date":"2023-10-05T17:34:29","date_gmt":"2023-10-05T20:34:29","guid":{"rendered":"https:\/\/centraldeportes.com.ar\/?p=43132"},"modified":"2023-10-05T17:34:29","modified_gmt":"2023-10-05T20:34:29","slug":"pedro-de-la-vega-nuevamente-citado-para-la-seleccion-argentina-sub-23-2","status":"publish","type":"post","link":"https:\/\/cdnoticias.com\/index.php\/2023\/10\/05\/pedro-de-la-vega-nuevamente-citado-para-la-seleccion-argentina-sub-23-2\/","title":{"rendered":"Pedro De la Vega, nuevamente citado para la Selecci\u00f3n Argentina Sub 23"},"content":{"rendered":"\n<div class=\"wp-block-group is-layout-constrained wp-block-group-is-layout-constrained\">\n<p>El olavarriense integra la n\u00f3mina de 18 futbolistas convocados por Javier Mascherano para nuevos entrenamientos y amistosos de cara a la pr\u00f3xima fecha FIFA.<!--more--><\/p>\n<hr \/>\n<p>En horas de la tarde de este jueves, se dio a conocer la lista de los convocados para la <strong>Selecci\u00f3n Argentina Sub 23<\/strong> y nuevamente apareci\u00f3 <strong>Pedro De la Vega<\/strong> entre los citados.<\/p>\n<p>\u00a0<\/p>\n<p>Con la misma din\u00e1mica a la anterior fecha FIFA donde la \u201cAlbiceleste\u201d <a href=\"https:\/\/centraldeportes.com.ar\/pedro-de-la-vega-convirtio-en-uno-de-los-amistosos-de-la-seleccion-sub-23\/\">se midi\u00f3 con Bolivia<\/a> en un amistoso, los entrenamientos dictados bajo las \u00f3rdenes de Javier Mascherano se llevar\u00e1n adelante en el Predio \u201cLionel Andr\u00e9s Messi\u201d de Ezeiza.<\/p>\n<p>\u00a0<\/p>\n<p>Adem\u00e1s de las pr\u00e1cticas, <strong>el combinado nacional Sub 23 afrontar\u00e1 dos partidos amistosos contra Venezuela<\/strong>. Ser\u00e1n el 13 y 14 de octubre respectivamente.<\/p>\n<p>\u00a0<\/p>\n<p>Vale recordar el plantel comandado por \u201cEl Jefecito\u201d buscar\u00e1 el boleto a los pr\u00f3ximos Juegos Ol\u00edmpicos de Par\u00eds en el Preol\u00edmpico que se disputar\u00e1 en Venezuela del 20 de enero al 11 de febrero del 2024.<\/p>\n<p>\u00a0<\/p>\n<ul>\n<li>\n<h6><strong>La lista completa:<\/strong><\/h6>\n<\/li>\n<\/ul>\n<p><img data-recalc-dims=\"1\" loading=\"lazy\" decoding=\"async\" class=\"aligncenter  wp-image-43134\" src=\"https:\/\/i0.wp.com\/centraldeportes.com.ar\/wp-content\/uploads\/2023\/10\/Convocatoria-Seleccion-Sub-23-del-12-al-17-de-octubre-1024x1024.jpg?resize=599%2C599&#038;ssl=1\" alt=\"\" width=\"599\" height=\"599\" \/><\/p>\n<\/div>\n","protected":false},"excerpt":{"rendered":"<p>El olavarriense integra la n\u00f3mina de 18 futbolistas convocados por Javier Mascherano para nuevos entrenamientos y amistosos de cara a<\/p>\n","protected":false},"author":96739695,"featured_media":43133,"comment_status":"closed","ping_status":"closed","sticky":false,"template":"","format":"standard","meta":{"_jetpack_memberships_contains_paid_content":false,"footnotes":""},"categories":[37,1],"tags":[],"class_list":["post-137689","post","type-post","status-publish","format-standard","has-post-thumbnail","hentry","category-futbol-profesional","category-portada"],"jetpack_featured_media_url":"","jetpack_sharing_enabled":true,"_links":{"self":[{"href":"https:\/\/cdnoticias.com\/index.php\/wp-json\/wp\/v2\/posts\/137689","targetHints":{"allow":["GET"]}}],"collection":[{"href":"https:\/\/cdnoticias.com\/index.php\/wp-json\/wp\/v2\/posts"}],"about":[{"href":"https:\/\/cdnoticias.com\/index.php\/wp-json\/wp\/v2\/types\/post"}],"author":[{"embeddable":true,"href":"https:\/\/cdnoticias.com\/index.php\/wp-json\/wp\/v2\/users\/96739695"}],"replies":[{"embeddable":true,"href":"https:\/\/cdnoticias.com\/index.php\/wp-json\/wp\/v2\/comments?post=137689"}],"version-history":[{"count":0,"href":"https:\/\/cdnoticias.com\/index.php\/wp-json\/wp\/v2\/posts\/137689\/revisions"}],"wp:featuredmedia":[{"embeddable":true,"href":"https:\/\/cdnoticias.com\/index.php\/wp-json\/"}],"wp:attachment":[{"href":"https:\/\/cdnoticias.com\/index.php\/wp-json\/wp\/v2\/media?parent=137689"}],"wp:term":[{"taxonomy":"category","embeddable":true,"href":"https:\/\/cdnoticias.com\/index.php\/wp-json\/wp\/v2\/categories?post=137689"},{"taxonomy":"post_tag","embeddable":true,"href":"https:\/\/cdnoticias.com\/index.php\/wp-json\/wp\/v2\/tags?post=137689"}],"curies":[{"name":"wp","href":"https:\/\/api.w.org\/{rel}","templated":true}]}}