{"id":137687,"date":"2023-10-05T15:55:54","date_gmt":"2023-10-05T18:55:54","guid":{"rendered":"https:\/\/centraldeportes.com.ar\/?p=43125"},"modified":"2025-02-12T22:03:06","modified_gmt":"2025-02-13T01:03:06","slug":"un-olavarriense-en-la-legion-que-corrio-el-spartathlon","status":"publish","type":"post","link":"https:\/\/cdnoticias.com\/index.php\/2023\/10\/05\/un-olavarriense-en-la-legion-que-corrio-el-spartathlon\/","title":{"rendered":"Un olavarriense en \u201cLa Legi\u00f3n\u201d que corri\u00f3 el Spartathl\u00f3n"},"content":{"rendered":"<p>D\u00edas atr\u00e1s se llev\u00f3 a cabo la 41\u00b0 edici\u00f3n del Spartathl\u00f3n y entre los mejores ultramaratonistas del mundo, dijo presente Mauricio Dur\u00e1n.<!--more--><\/p>\n<hr \/>\n<p>La <strong>selecci\u00f3n argentina de ultramarat\u00f3n<\/strong> represent\u00f3 al pa\u00eds en Grecia en una nueva edici\u00f3n de los 246 kil\u00f3metros en homenaje a Fil\u00edpides, un mensajero enviado a Sparta para dar aviso de una invasi\u00f3n en el a\u00f1o 490 a.C. y dentro del equipo hubo un olavarriense que hab\u00eda logrado la clasificaci\u00f3n en la Ultramarat\u00f3n de Termas de R\u00edo Hondo.<\/p>\n<p>&nbsp;<\/p>\n<p>Mauricio Dur\u00e1n, que ya hab\u00eda participado de otras ediciones, logr\u00f3 completar el recorrido a m\u00e1s de 12 horas del ganador de la prueba, el local Fotis Zisimopoulos, quien marc\u00f3 el r\u00e9cord de la competencia con un tiempo de 19:55:09. El olavarriense, adem\u00e1s, se ubic\u00f3 en el Top40 de la clasificaci\u00f3n.<\/p>\n<p>&nbsp;<\/p>\n<p>La legendaria carrera cont\u00f3 con \u201cLa Legi\u00f3n\u201d compuesta por Sandra Rol\u00f3n, H\u00e9ctor Rizzotti, Alejandro Alim\u00f3n, Sergio Robles, Javier Fern\u00e1ndez, Pablo Barnes y Gerardo Bruno adem\u00e1s de Mauricio Dur\u00e1n que complet\u00f3 nuevamente la competencia en Grecia.<\/p>\n","protected":false},"excerpt":{"rendered":"<p>D\u00edas atr\u00e1s se llev\u00f3 a cabo la 41\u00b0 edici\u00f3n del Spartathl\u00f3n y entre los mejores ultramaratonistas del mundo, dijo presente<\/p>\n","protected":false},"author":96739694,"featured_media":158016,"comment_status":"closed","ping_status":"closed","sticky":false,"template":"","format":"standard","meta":{"_jetpack_memberships_contains_paid_content":false,"footnotes":""},"categories":[38,1],"tags":[],"class_list":["post-137687","post","type-post","status-publish","format-standard","has-post-thumbnail","hentry","category-pedestrismo","category-portada"],"jetpack_featured_media_url":"https:\/\/i0.wp.com\/cdnoticias.com\/wp-content\/uploads\/2023\/10\/384487109_10230193190844641_2599791988874917940_n.jpg?fit=1280%2C960&ssl=1","jetpack_sharing_enabled":true,"_links":{"self":[{"href":"https:\/\/cdnoticias.com\/index.php\/wp-json\/wp\/v2\/posts\/137687","targetHints":{"allow":["GET"]}}],"collection":[{"href":"https:\/\/cdnoticias.com\/index.php\/wp-json\/wp\/v2\/posts"}],"about":[{"href":"https:\/\/cdnoticias.com\/index.php\/wp-json\/wp\/v2\/types\/post"}],"author":[{"embeddable":true,"href":"https:\/\/cdnoticias.com\/index.php\/wp-json\/wp\/v2\/users\/96739694"}],"replies":[{"embeddable":true,"href":"https:\/\/cdnoticias.com\/index.php\/wp-json\/wp\/v2\/comments?post=137687"}],"version-history":[{"count":0,"href":"https:\/\/cdnoticias.com\/index.php\/wp-json\/wp\/v2\/posts\/137687\/revisions"}],"wp:featuredmedia":[{"embeddable":true,"href":"https:\/\/cdnoticias.com\/index.php\/wp-json\/wp\/v2\/media\/158016"}],"wp:attachment":[{"href":"https:\/\/cdnoticias.com\/index.php\/wp-json\/wp\/v2\/media?parent=137687"}],"wp:term":[{"taxonomy":"category","embeddable":true,"href":"https:\/\/cdnoticias.com\/index.php\/wp-json\/wp\/v2\/categories?post=137687"},{"taxonomy":"post_tag","embeddable":true,"href":"https:\/\/cdnoticias.com\/index.php\/wp-json\/wp\/v2\/tags?post=137687"}],"curies":[{"name":"wp","href":"https:\/\/api.w.org\/{rel}","templated":true}]}}