{"id":137683,"date":"2023-10-04T20:38:50","date_gmt":"2023-10-04T23:38:50","guid":{"rendered":"https:\/\/centraldeportes.com.ar\/?p=43108"},"modified":"2025-02-12T22:03:14","modified_gmt":"2025-02-13T01:03:14","slug":"ruben-tarasco-vinimos-a-buscar-la-punta-del-campeonato-y-lo-hicimos","status":"publish","type":"post","link":"https:\/\/cdnoticias.com\/index.php\/2023\/10\/04\/ruben-tarasco-vinimos-a-buscar-la-punta-del-campeonato-y-lo-hicimos\/","title":{"rendered":"Rub\u00e9n Tarasco: \u201cVinimos a buscar la punta del campeonato y lo hicimos\u201d"},"content":{"rendered":"\n<div class=\"wp-block-group is-layout-constrained wp-block-group-is-layout-constrained\">\n<p>Dijo el delantero de Racing, autor de los dos goles frente a El Fort\u00edn, una vez finalizado el partido de la 7\u00b0 fecha del campeonato local disputado en el Ricardo S\u00e1nchez.<!--more--><\/p>\n<hr \/>\n<p>Triunfo importante el que consigui\u00f3 <strong>el \u201cChaira\u201d<\/strong> <a href=\"https:\/\/cdnoticias.com\/racing-dio-una-muestra-de-caracter-en-el-ricardo-sanchez\/\">el pasado domingo<\/a> ante uno de los candidatos, en un partido varias incidencias de forma prematura. Asimismo, <strong>con los tres puntos obtenidos, los del \u201cChueco\u201d Garc\u00eda Lorenzo obtuvieron la cima del campeonato con 18 unidades<\/strong>.<\/p>\n<p>\u00a0<\/p>\n<p>Luego del pitazo final, <strong>Rub\u00e9n Tarasco analiz\u00f3 lo sucedido en el reducto \u201cFortinero\u201d<\/strong> y dej\u00f3 en claro que: \u201c<strong><em>Somos dos equipos que nos conocemos mucho, necesit\u00e1bamos ganar y pudimos quedarnos con un partido dif\u00edcil. El equipo hizo un desgaste muy grande con dos menos<\/em><\/strong>\u201d, manifest\u00f3.<\/p>\n<p>\u00a0<\/p>\n<p>Desde los 40\u2019 del primer tiempo \u201cLa Estrellita\u201d jug\u00f3 con nueve hombres en cancha (El Fort\u00edn con diez): \u201c<em><strong>No s\u00e9 si el \u00e1rbitro estuvo bien o no en sacar tantas tarjetas y condicionar. Creo que se apur\u00f3 en algunas jugadas<\/strong>, pero lo importante es que sacamos el partido adelante<\/em>\u201d, recalc\u00f3 el oriundo de Sunchales.<\/p>\n<p>\u00a0<\/p>\n\n<p>\u00a0<\/p>\n<p>Con los dos gritos \u2013 asistidos por Pablo Mujica \u2013 el atacante del \u201cChaira\u201d lleg\u00f3 a cuatro en el campeonato: \u201c<strong><em>Vinimos a buscar la punta del campeonato y lo hicimos. Con Pablo ya nos conocemos, sabe que siempre se la pido que alguna voy a tener y por suerte convert\u00ed las que tuve<\/em><\/strong>\u201d, indic\u00f3 el &#8220;Toro&#8221;.<\/p>\n<p>\u00a0<\/p>\n<p>En base al venidero Regional Amateur, el ex Sportivo Pe\u00f1arol sostuvo que \u201c<strong><em>ser\u00e1 un lindo desaf\u00edo, todos los que lo juegan se est\u00e1n preparando bien<\/em><\/strong>\u201d. Adem\u00e1s, para cerrar, solt\u00f3: \u201c<strong><em>Nosotros tambi\u00e9n estamos entrenando fuerte y eso se ve reflejado en cada partido que jugamos<\/em><\/strong>\u201d.<\/p>\n<\/div>\n","protected":false},"excerpt":{"rendered":"<p>Dijo el delantero de Racing, autor de los dos goles frente a El Fort\u00edn, una vez finalizado el partido de<\/p>\n","protected":false},"author":96739694,"featured_media":158025,"comment_status":"closed","ping_status":"closed","sticky":false,"template":"","format":"standard","meta":{"_jetpack_memberships_contains_paid_content":false,"footnotes":""},"categories":[35,1,41],"tags":[],"class_list":["post-137683","post","type-post","status-publish","format-standard","has-post-thumbnail","hentry","category-futbol","category-portada","category-primera-y-reserva"],"jetpack_featured_media_url":"https:\/\/i0.wp.com\/cdnoticias.com\/wp-content\/uploads\/2023\/10\/Ruben-Tarasco-Racing.jpeg?fit=1600%2C1066&ssl=1","jetpack_sharing_enabled":true,"_links":{"self":[{"href":"https:\/\/cdnoticias.com\/index.php\/wp-json\/wp\/v2\/posts\/137683","targetHints":{"allow":["GET"]}}],"collection":[{"href":"https:\/\/cdnoticias.com\/index.php\/wp-json\/wp\/v2\/posts"}],"about":[{"href":"https:\/\/cdnoticias.com\/index.php\/wp-json\/wp\/v2\/types\/post"}],"author":[{"embeddable":true,"href":"https:\/\/cdnoticias.com\/index.php\/wp-json\/wp\/v2\/users\/96739694"}],"replies":[{"embeddable":true,"href":"https:\/\/cdnoticias.com\/index.php\/wp-json\/wp\/v2\/comments?post=137683"}],"version-history":[{"count":0,"href":"https:\/\/cdnoticias.com\/index.php\/wp-json\/wp\/v2\/posts\/137683\/revisions"}],"wp:featuredmedia":[{"embeddable":true,"href":"https:\/\/cdnoticias.com\/index.php\/wp-json\/wp\/v2\/media\/158025"}],"wp:attachment":[{"href":"https:\/\/cdnoticias.com\/index.php\/wp-json\/wp\/v2\/media?parent=137683"}],"wp:term":[{"taxonomy":"category","embeddable":true,"href":"https:\/\/cdnoticias.com\/index.php\/wp-json\/wp\/v2\/categories?post=137683"},{"taxonomy":"post_tag","embeddable":true,"href":"https:\/\/cdnoticias.com\/index.php\/wp-json\/wp\/v2\/tags?post=137683"}],"curies":[{"name":"wp","href":"https:\/\/api.w.org\/{rel}","templated":true}]}}