{"id":137671,"date":"2023-10-03T14:45:48","date_gmt":"2023-10-03T17:45:48","guid":{"rendered":"https:\/\/centraldeportes.com.ar\/?p=43035"},"modified":"2025-02-12T22:01:07","modified_gmt":"2025-02-13T01:01:07","slug":"acop-mas-de-120-parejas-participaron-de-la-undecima-fecha","status":"publish","type":"post","link":"https:\/\/cdnoticias.com\/index.php\/2023\/10\/03\/acop-mas-de-120-parejas-participaron-de-la-undecima-fecha\/","title":{"rendered":"ACOP: M\u00e1s de 120 parejas participaron de la und\u00e9cima fecha"},"content":{"rendered":"\n<p>El fin de semana prosigui\u00f3 el circuito de p\u00e1del que organiza la Asociaci\u00f3n Civil de P\u00e1del Olavarriense. Hubo actividad para seis categor\u00edas Impares donde participaron 124 parejas.<\/p>\n\n\n\n<!--more-->\n\n\n\n<hr class=\"wp-block-separator has-alpha-channel-opacity\"\/>\n\n\n\n<p>La <strong>\u00faltima fecha de oro del calendario<\/strong> (suma el 50% m\u00e1s) y la ante\u00faltima ronda del torneo tuvo acci\u00f3n en Club de Amigos, Sport Arena, El Triunfo, Chingoland, Padeltime y Las Terrazzas.<\/p>\n\n\n\n<p><\/p>\n\n\n\n<div style=\"height:30px\" aria-hidden=\"true\" class=\"wp-block-spacer\"><\/div>\n\n\n\n<p>En Tercera Caballeros se consagr\u00f3 la dupla compuesta por <strong>Santiago Barsi<\/strong> y <strong>Fabricio Paiz<\/strong>. En la final <strong>\u00c1lvaro Mendiberry<\/strong> y <strong>Sebasti\u00e1n Aguerre<\/strong> no se presentaron por lo tanto el t\u00edtulo fue por W.O.<\/p>\n\n\n\n<div style=\"height:30px\" aria-hidden=\"true\" class=\"wp-block-spacer\"><\/div>\n\n\n\n<p><strong>Marcela Pellejero<\/strong> y <strong>Constanza De Reatti<\/strong> se coronaron en Tercera y Cuarta Damas tras vencer en una muy pareja final a <strong>Yanela Rafeca<\/strong> y <strong>Soledad Olivera<\/strong> por 7\/6 y 7\/5.<\/p>\n\n\n\n<div style=\"height:30px\" aria-hidden=\"true\" class=\"wp-block-spacer\"><\/div>\n\n\n\n<p>Por otro lado, en Quinta Caballeros<strong> Santiago Sarra y Fabi\u00e1n Lescano<\/strong> se quedaron con el torneo luego de vencer en dos sets, 7\/6 6\/4, a <strong>Luis Falasco y Juan Veneciano<\/strong>. Mientras que en Damas se coron\u00f3 la dupla <strong>Perruello Betina y Lorena Trumpio<\/strong>. Las campeonas derrotaron a <strong>Marcela Gyarmatti y Andrea Navarro<\/strong> por 6\/4, 5\/7 y 6\/3.<\/p>\n\n\n\n<div style=\"height:30px\" aria-hidden=\"true\" class=\"wp-block-spacer\"><\/div>\n\n\n\n<figure class=\"wp-block-gallery has-nested-images columns-1 is-cropped wp-block-gallery-1 is-layout-flex wp-block-gallery-is-layout-flex\">\n<figure class=\"wp-block-image size-large\"><a href=\"https:\/\/i0.wp.com\/cdnoticias.com\/wp-content\/uploads\/2023\/10\/IMG-20231003-WA0011-e1696355096537.jpg?ssl=1\"><img data-recalc-dims=\"1\" decoding=\"async\" data-id=\"43036\" src=\"https:\/\/i0.wp.com\/cdnoticias.com\/wp-content\/uploads\/2023\/10\/IMG-20231003-WA0011-e1696355096537.jpg?w=800&#038;ssl=1\" alt=\"\" class=\"wp-image-43036\"\/><\/a><\/figure>\n<\/figure>\n\n\n\n<div style=\"height:30px\" aria-hidden=\"true\" class=\"wp-block-spacer\"><\/div>\n\n\n\n<p>Por \u00faltimo, en S\u00e9ptima Caballeros <strong>Leandro De Lucia y Facundo Zurita<\/strong> gritaron campeones tras imponerse en la definici\u00f3n a <strong>Marcos Alcobedo y Rodrigo Herrera<\/strong> por 6\/1, 6\/7 y 6\/1. En Damas festejaron <strong>Fiamma Lavin y Katerina Chiodi<\/strong> luego de superar en la final a <strong>Maradeo Florencia y Gisel Farra <\/strong>por 3\/6, 6\/4 y 6\/0.<\/p>\n\n\n\n<div style=\"height:30px\" aria-hidden=\"true\" class=\"wp-block-spacer\"><\/div>\n\n\n\n<p>El calendario ACOP tendr\u00e1 su duod\u00e9cima fecha para las categor\u00edas pares el 6 y 7 de octubre: Segunda Caballeros (Club de Amigos) Cuarta Caballeros (Chingoland), Sexta Caballeros (Padeltime), Sexta Damas (Sport Arena), S\u00e9ptima B Damas (Las Terrazzas) y S\u00e9ptima B Caballeros (El Triunfo).<\/p>\n","protected":false},"excerpt":{"rendered":"<p>El fin de semana prosigui\u00f3 el circuito de p\u00e1del que organiza la Asociaci\u00f3n Civil de P\u00e1del Olavarriense. Hubo actividad para<\/p>\n","protected":false},"author":96739694,"featured_media":157929,"comment_status":"closed","ping_status":"closed","sticky":false,"template":"","format":"standard","meta":{"_jetpack_memberships_contains_paid_content":false,"footnotes":""},"categories":[30,1],"tags":[],"class_list":["post-137671","post","type-post","status-publish","format-standard","has-post-thumbnail","hentry","category-polideportivo","category-portada"],"jetpack_featured_media_url":"https:\/\/i0.wp.com\/cdnoticias.com\/wp-content\/uploads\/2023\/10\/IMG-20231003-WA0012-e1696355113381.jpg?fit=768%2C472&ssl=1","jetpack_sharing_enabled":true,"_links":{"self":[{"href":"https:\/\/cdnoticias.com\/index.php\/wp-json\/wp\/v2\/posts\/137671","targetHints":{"allow":["GET"]}}],"collection":[{"href":"https:\/\/cdnoticias.com\/index.php\/wp-json\/wp\/v2\/posts"}],"about":[{"href":"https:\/\/cdnoticias.com\/index.php\/wp-json\/wp\/v2\/types\/post"}],"author":[{"embeddable":true,"href":"https:\/\/cdnoticias.com\/index.php\/wp-json\/wp\/v2\/users\/96739694"}],"replies":[{"embeddable":true,"href":"https:\/\/cdnoticias.com\/index.php\/wp-json\/wp\/v2\/comments?post=137671"}],"version-history":[{"count":0,"href":"https:\/\/cdnoticias.com\/index.php\/wp-json\/wp\/v2\/posts\/137671\/revisions"}],"wp:featuredmedia":[{"embeddable":true,"href":"https:\/\/cdnoticias.com\/index.php\/wp-json\/wp\/v2\/media\/157929"}],"wp:attachment":[{"href":"https:\/\/cdnoticias.com\/index.php\/wp-json\/wp\/v2\/media?parent=137671"}],"wp:term":[{"taxonomy":"category","embeddable":true,"href":"https:\/\/cdnoticias.com\/index.php\/wp-json\/wp\/v2\/categories?post=137671"},{"taxonomy":"post_tag","embeddable":true,"href":"https:\/\/cdnoticias.com\/index.php\/wp-json\/wp\/v2\/tags?post=137671"}],"curies":[{"name":"wp","href":"https:\/\/api.w.org\/{rel}","templated":true}]}}