{"id":137670,"date":"2023-10-03T00:30:05","date_gmt":"2023-10-03T03:30:05","guid":{"rendered":"https:\/\/centraldeportes.com.ar\/?p=43032"},"modified":"2025-02-12T22:01:10","modified_gmt":"2025-02-13T01:01:10","slug":"racing-y-lujan-con-tres-cruces-le-dieron-fin-a-la-8-fecha","status":"publish","type":"post","link":"https:\/\/cdnoticias.com\/index.php\/2023\/10\/03\/racing-y-lujan-con-tres-cruces-le-dieron-fin-a-la-8-fecha\/","title":{"rendered":"Racing y Luj\u00e1n, con tres cruces, le dieron fin a la 8\u00b0 fecha"},"content":{"rendered":"\n<div class=\"wp-block-group is-layout-constrained wp-block-group-is-layout-constrained\">\n<p>Ambos elencos se midieron en Octava, Sexta y Quinta el c\u00e9sped del Buglione Martinese y cerraron la fecha que hab\u00eda iniciado el pasado s\u00e1bado.<!--more--><\/p>\n<hr \/>\n<p>Con los tres partidos disputados en la tarde noche de este lunes, las <strong>Divisiones Inferiores<\/strong> del f\u00fatbol olavarriense <strong>finalizaron la 8\u00b0 cita del Torneo Clausura<\/strong> <a href=\"https:\/\/cdnoticias.com\/las-inferiores-abrieron-el-octavo-capitulo-del-torneo-clausura\/\">iniciada el \u00faltimo s\u00e1bado<\/a> con una veintena de partidos.<\/p>\n<p>\u00a0<\/p>\n<p><strong>Racing y Luj\u00e1n<\/strong>, los protagonistas en cuesti\u00f3n, se enfrentaron en el Buglione Martinese en tres categor\u00edas y <strong>fueron absolutos festejos para el \u201cChaira\u201d<\/strong>.<\/p>\n<p>\u00a0<\/p>\n<p>[soliloquy id=&#8221;43019&#8243;]<\/p>\n<p>\u00a0<\/p>\n<p>En Octava, se impuso <strong>2 a 0<\/strong>, en Sexta fue goleada <strong>4 a 1<\/strong> y en el \u00faltimo duelo de la jornada, \u201cLa Estrellita\u201d venci\u00f3 <strong>2 a 1<\/strong> al \u201cLujanero\u201d en Quinta Divisi\u00f3n.<\/p>\n<p>\u00a0<\/p>\n<p>En consecuencia, <strong>este venidero fin de semana se disputar\u00e1 la 9\u00b0 fecha<\/strong> del certamen donde se enfrentar\u00e1n Estudiantes \u2013 Embajadores, Luj\u00e1n \u2013 El Fort\u00edn, Municipales \u2013 Racing, Loma Negra \u2013 Sierra Chica, San Mart\u00edn \u2013 Ferro e Hinojo \u2013 Colonias y Cerros.<\/p>\n<\/div>\n","protected":false},"excerpt":{"rendered":"<p>Ambos elencos se midieron en Octava, Sexta y Quinta el c\u00e9sped del Buglione Martinese y cerraron la fecha que hab\u00eda<\/p>\n","protected":false},"author":96739694,"featured_media":157936,"comment_status":"closed","ping_status":"closed","sticky":false,"template":"","format":"standard","meta":{"_jetpack_memberships_contains_paid_content":false,"footnotes":""},"categories":[35,40,1],"tags":[],"class_list":["post-137670","post","type-post","status-publish","format-standard","has-post-thumbnail","hentry","category-futbol","category-inferiores","category-portada"],"jetpack_featured_media_url":"https:\/\/i0.wp.com\/cdnoticias.com\/wp-content\/uploads\/2023\/10\/inf-lfo-15.jpeg?fit=1600%2C1066&ssl=1","jetpack_sharing_enabled":true,"_links":{"self":[{"href":"https:\/\/cdnoticias.com\/index.php\/wp-json\/wp\/v2\/posts\/137670","targetHints":{"allow":["GET"]}}],"collection":[{"href":"https:\/\/cdnoticias.com\/index.php\/wp-json\/wp\/v2\/posts"}],"about":[{"href":"https:\/\/cdnoticias.com\/index.php\/wp-json\/wp\/v2\/types\/post"}],"author":[{"embeddable":true,"href":"https:\/\/cdnoticias.com\/index.php\/wp-json\/wp\/v2\/users\/96739694"}],"replies":[{"embeddable":true,"href":"https:\/\/cdnoticias.com\/index.php\/wp-json\/wp\/v2\/comments?post=137670"}],"version-history":[{"count":0,"href":"https:\/\/cdnoticias.com\/index.php\/wp-json\/wp\/v2\/posts\/137670\/revisions"}],"wp:featuredmedia":[{"embeddable":true,"href":"https:\/\/cdnoticias.com\/index.php\/wp-json\/wp\/v2\/media\/157936"}],"wp:attachment":[{"href":"https:\/\/cdnoticias.com\/index.php\/wp-json\/wp\/v2\/media?parent=137670"}],"wp:term":[{"taxonomy":"category","embeddable":true,"href":"https:\/\/cdnoticias.com\/index.php\/wp-json\/wp\/v2\/categories?post=137670"},{"taxonomy":"post_tag","embeddable":true,"href":"https:\/\/cdnoticias.com\/index.php\/wp-json\/wp\/v2\/tags?post=137670"}],"curies":[{"name":"wp","href":"https:\/\/api.w.org\/{rel}","templated":true}]}}