{"id":137669,"date":"2023-10-03T13:52:09","date_gmt":"2023-10-03T16:52:09","guid":{"rendered":"https:\/\/centraldeportes.com.ar\/?p=43013"},"modified":"2025-02-12T22:01:08","modified_gmt":"2025-02-13T01:01:08","slug":"josefina-vigo-fue-quinta-en-san-nicolas","status":"publish","type":"post","link":"https:\/\/cdnoticias.com\/index.php\/2023\/10\/03\/josefina-vigo-fue-quinta-en-san-nicolas\/","title":{"rendered":"Josefina Vigo fue quinta en San Nicol\u00e1s"},"content":{"rendered":"<p>Se disput\u00f3 la primera fecha de playoff de la Liga Speedagro Racing en el aut\u00f3dromo Ciudad de San Nicol\u00e1s y la olavarriense arrib\u00f3 quinta. Brian Perino se llev\u00f3 el triunfo.<!--more--><\/p>\n<hr \/>\n<p>Este fin de semana la Liga Speedagro disput\u00f3 la primera fecha del playoff en San Nicol\u00e1s, junto al TC y el TC Pista.<\/p>\n<p>&nbsp;<\/p>\n<p>La olavarriense\u00a0 volvi\u00f3 a ser protagonista, luego de ganar la fase regular en la fecha anterior, arrib\u00f3 quinta en la final, y aunque se complic\u00f3 por un error, pudo terminar con un buen resultado y sum\u00f3 buenos puntos para el campeonato.<\/p>\n<p>&nbsp;<\/p>\n<p>&#8220;<em>Un exceso m\u00edo en la primera vuelta hace que quede en el \u00faltimo lugar cuando ven\u00eda P3. Nos pudimos recuperar y lograr un P5 que nos permite sumar buenos puntos<\/em>&#8220;, cont\u00f3 en sus redes sociales Josefina Vigo.<\/p>\n<p>&nbsp;<\/p>\n\n<p>&nbsp;<\/p>\n<p>Brian Perino se qued\u00f3 con el triunfo en la final, segundo fue Dino Di Palma y tercero Gast\u00f3n Maraslioglu.<\/p>\n<p>&nbsp;<\/p>\n<p>La pr\u00f3xima fecha ser\u00e1 el 29 de octubre en el aut\u00f3dromo Ciudad de Rafaela.<\/p>\n","protected":false},"excerpt":{"rendered":"<p>Se disput\u00f3 la primera fecha de playoff de la Liga Speedagro Racing en el aut\u00f3dromo Ciudad de San Nicol\u00e1s y<\/p>\n","protected":false},"author":96739694,"featured_media":157933,"comment_status":"closed","ping_status":"closed","sticky":false,"template":"","format":"standard","meta":{"_jetpack_memberships_contains_paid_content":false,"footnotes":""},"categories":[34,1],"tags":[],"class_list":["post-137669","post","type-post","status-publish","format-standard","has-post-thumbnail","hentry","category-automovilismo","category-portada"],"jetpack_featured_media_url":"https:\/\/i0.wp.com\/cdnoticias.com\/wp-content\/uploads\/2023\/10\/WhatsApp-Image-2023-10-02-at-21.51.11-e1696354596179.jpeg?fit=1065%2C626&ssl=1","jetpack_sharing_enabled":true,"_links":{"self":[{"href":"https:\/\/cdnoticias.com\/index.php\/wp-json\/wp\/v2\/posts\/137669","targetHints":{"allow":["GET"]}}],"collection":[{"href":"https:\/\/cdnoticias.com\/index.php\/wp-json\/wp\/v2\/posts"}],"about":[{"href":"https:\/\/cdnoticias.com\/index.php\/wp-json\/wp\/v2\/types\/post"}],"author":[{"embeddable":true,"href":"https:\/\/cdnoticias.com\/index.php\/wp-json\/wp\/v2\/users\/96739694"}],"replies":[{"embeddable":true,"href":"https:\/\/cdnoticias.com\/index.php\/wp-json\/wp\/v2\/comments?post=137669"}],"version-history":[{"count":0,"href":"https:\/\/cdnoticias.com\/index.php\/wp-json\/wp\/v2\/posts\/137669\/revisions"}],"wp:featuredmedia":[{"embeddable":true,"href":"https:\/\/cdnoticias.com\/index.php\/wp-json\/wp\/v2\/media\/157933"}],"wp:attachment":[{"href":"https:\/\/cdnoticias.com\/index.php\/wp-json\/wp\/v2\/media?parent=137669"}],"wp:term":[{"taxonomy":"category","embeddable":true,"href":"https:\/\/cdnoticias.com\/index.php\/wp-json\/wp\/v2\/categories?post=137669"},{"taxonomy":"post_tag","embeddable":true,"href":"https:\/\/cdnoticias.com\/index.php\/wp-json\/wp\/v2\/tags?post=137669"}],"curies":[{"name":"wp","href":"https:\/\/api.w.org\/{rel}","templated":true}]}}