{"id":137665,"date":"2023-10-02T19:04:30","date_gmt":"2023-10-02T22:04:30","guid":{"rendered":"https:\/\/centraldeportes.com.ar\/?p=42974"},"modified":"2025-02-12T22:01:18","modified_gmt":"2025-02-13T01:01:18","slug":"nutrida-presencia-de-olavarrienses-en-las-categorias-de-afa","status":"publish","type":"post","link":"https:\/\/cdnoticias.com\/index.php\/2023\/10\/02\/nutrida-presencia-de-olavarrienses-en-las-categorias-de-afa\/","title":{"rendered":"Nutrida presencia de olavarrienses en las Categor\u00edas de AFA"},"content":{"rendered":"<p>Cuatro fueron los futbolistas locales en la Divisi\u00f3n Reserva, que disput\u00f3 la 8\u00b0 fecha de la Copa Proyecci\u00f3n. Adem\u00e1s, en Inferiores, varios juveniles en Sarmiento tuvieron participaci\u00f3n contra Boca Juniors.<!--more--><\/p>\n<hr \/>\n<p>Otra jornada pas\u00f3 en la <strong>categor\u00eda preliminar de AFA<\/strong>, que entre martes y jueves pasado disput\u00f3 la <strong>8\u00b0 cita de la Copa Proyecci\u00f3n<\/strong> y tres de los cuatro futbolistas olavarrienses presentes festejaron con sus respectivos equipos. El \u00fanico ausente fue Mateo Mend\u00eda, en la victoria de Boca frente a Belgrano.<\/p>\n<p>&nbsp;<\/p>\n<p>Con escasos minutos para <strong>Lautaro Diuono<\/strong>, Sarmiento de Jun\u00edn se recuper\u00f3 y derrot\u00f3 como local 1 a 0 a Uni\u00f3n de Santa Fe. El defensor comenz\u00f3 el partido entre los suplentes e ingres\u00f3 a los 46\u2019 del segundo tiempo.<\/p>\n<p>&nbsp;<\/p>\n<figure id=\"attachment_42976\" aria-describedby=\"caption-attachment-42976\" style=\"width: 800px\" class=\"wp-caption aligncenter\"><img data-recalc-dims=\"1\" loading=\"lazy\" decoding=\"async\" class=\"wp-image-42976 size-large\" src=\"https:\/\/i0.wp.com\/cdnoticias.com\/wp-content\/uploads\/2023\/10\/Mauricio-Cardillo-Lanus-e1696284035367-1024x611.jpeg?resize=800%2C477&#038;ssl=1\" alt=\"\" width=\"800\" height=\"477\" \/><figcaption id=\"caption-attachment-42976\" class=\"wp-caption-text\">Cr\u00e9dito: Club Lan\u00fas<\/figcaption><\/figure>\n<p>&nbsp;<\/p>\n<p>El jueves, en el Predio Santo Domingo, a Independiente se lo dieron vuelta y cay\u00f3 2 a 1 contra Argentinos Juniors. <strong>Santiago Salle<\/strong> form\u00f3 parte del once inicial, ocup\u00f3 el puesto de lateral derecho y jug\u00f3 hasta los 16\u2019 del complemento.<\/p>\n<p>&nbsp;<\/p>\n<p>A la par, el que volvi\u00f3 a sumar de a tres fue <strong>Mauricio Cardillo<\/strong> con Lan\u00fas. El olavarriense fue titular y jug\u00f3 todo el partido en la victoria 4 a 3 del \u201cGranate\u201d ante Defensa y Justicia en el Predio La Capilla.<\/p>\n<p>&nbsp;<\/p>\n<p>Adem\u00e1s, en Mendoza, Godoy Cruz regres\u00f3 al triunfo luego de dos cotejos y venci\u00f3 1 a 0 a Estudiantes de La Plata con la participaci\u00f3n titular de <strong>Lucio Falasco<\/strong>, quien sali\u00f3 sustituido a los 49\u2019 del segundo tiempo.<\/p>\n<p>&nbsp;<\/p>\n<figure id=\"attachment_42975\" aria-describedby=\"caption-attachment-42975\" style=\"width: 800px\" class=\"wp-caption aligncenter\"><img data-recalc-dims=\"1\" loading=\"lazy\" decoding=\"async\" class=\"wp-image-42975 size-large\" src=\"https:\/\/i0.wp.com\/cdnoticias.com\/wp-content\/uploads\/2023\/10\/Lucio-Falasco-Godoy-Cruz.jpg?resize=800%2C571&#038;ssl=1\" alt=\"\" width=\"800\" height=\"571\" \/><figcaption id=\"caption-attachment-42975\" class=\"wp-caption-text\">Cr\u00e9dito: Godoy Cruz Oficial<\/figcaption><\/figure>\n<hr \/>\n<ul>\n<li>\n<h6><strong>Inferiores AFA<\/strong><\/h6>\n<\/li>\n<\/ul>\n<p>&nbsp;<\/p>\n<p>El pasado s\u00e1bado, <strong>varios juveniles olavarrienses que visten la camiseta de Sarmiento dijeron presente en Ciudad Deportiva de Jun\u00edn<\/strong> y tuvieron acci\u00f3n en los duelos frente a Boca Juniors correspondientes a la 24\u00b0 fecha del campeonato.<\/p>\n<p>&nbsp;<\/p>\n<p>Por un lado, en Cuarta, el \u201cXeneize\u201d se impuso 6 a 0 con la participaci\u00f3n de <strong>Mateo Mend\u00eda<\/strong>. Adem\u00e1s, en el \u201cVerde\u201d jugaron<strong> Lautaro Diuono<\/strong> y <strong>Francisco Carneri<\/strong>.<\/p>\n<p>&nbsp;<\/p>\n<div class=\"tiled-gallery type-rectangular tiled-gallery-unresized\" data-original-width=\"800\" data-carousel-extra='null' itemscope itemtype=\"http:\/\/schema.org\/ImageGallery\" > <div class=\"gallery-row\" style=\"width: 800px; height: 447px;\" data-original-width=\"800\" data-original-height=\"447\" > <div class=\"gallery-group images-1\" style=\"width: 800px; height: 447px;\" data-original-width=\"800\" data-original-height=\"447\" > <div class=\"tiled-gallery-item tiled-gallery-item-large\" itemprop=\"associatedMedia\" itemscope itemtype=\"http:\/\/schema.org\/ImageObject\"> <a href=\"https:\/\/i0.wp.com\/cdnoticias.com\/wp-content\/uploads\/2022\/01\/hisopado-testeos-region-sanitaria-covid19-06.jpg?ssl=1\" border=\"0\" itemprop=\"url\"> <meta itemprop=\"width\" content=\"796\"> <meta itemprop=\"height\" content=\"443\"> <img decoding=\"async\" class=\"\" data-attachment-id=\"42977\" data-orig-file=\"https:\/\/cdnoticias.com\/wp-content\/uploads\/2022\/01\/hisopado-testeos-region-sanitaria-covid19-06.jpg\" data-orig-size=\"800,445\" data-comments-opened=\"\" data-image-meta=\"{&quot;aperture&quot;:&quot;0&quot;,&quot;credit&quot;:&quot;&quot;,&quot;camera&quot;:&quot;&quot;,&quot;caption&quot;:&quot;&quot;,&quot;created_timestamp&quot;:&quot;0&quot;,&quot;copyright&quot;:&quot;&quot;,&quot;focal_length&quot;:&quot;0&quot;,&quot;iso&quot;:&quot;0&quot;,&quot;shutter_speed&quot;:&quot;0&quot;,&quot;title&quot;:&quot;&quot;,&quot;orientation&quot;:&quot;1&quot;}\" data-image-title=\"hisopado testeos region sanitaria covid19 06\" data-image-description=\"\" data-medium-file=\"https:\/\/i0.wp.com\/cdnoticias.com\/wp-content\/uploads\/2022\/01\/hisopado-testeos-region-sanitaria-covid19-06.jpg?fit=300%2C167&#038;ssl=1\" data-large-file=\"https:\/\/i0.wp.com\/cdnoticias.com\/wp-content\/uploads\/2022\/01\/hisopado-testeos-region-sanitaria-covid19-06.jpg?fit=800%2C445&#038;ssl=1\" src=\"https:\/\/i0.wp.com\/cdnoticias.com\/wp-content\/uploads\/2022\/01\/hisopado-testeos-region-sanitaria-covid19-06.jpg?w=796&#038;h=443&#038;ssl=1\" srcset=\"https:\/\/i0.wp.com\/cdnoticias.com\/wp-content\/uploads\/2022\/01\/hisopado-testeos-region-sanitaria-covid19-06.jpg?w=800&amp;ssl=1 800w, https:\/\/i0.wp.com\/cdnoticias.com\/wp-content\/uploads\/2022\/01\/hisopado-testeos-region-sanitaria-covid19-06.jpg?resize=300%2C167&amp;ssl=1 300w, https:\/\/i0.wp.com\/cdnoticias.com\/wp-content\/uploads\/2022\/01\/hisopado-testeos-region-sanitaria-covid19-06.jpg?resize=768%2C427&amp;ssl=1 768w\" width=\"796\" height=\"443\" loading=\"lazy\" data-original-width=\"796\" data-original-height=\"443\" itemprop=\"http:\/\/schema.org\/image\" title=\"hisopado testeos region sanitaria covid19 06\" alt=\"hisopado testeos region sanitaria covid19 06\" style=\"width: 796px; height: 443px;\" \/> <\/a> <\/div> <\/div> <!-- close group --> <\/div> <!-- close row --> <\/div>\n<p>En Quinta fue triunfo 1 a 0 para el equipo juninense con protagonismo para <strong>Valent\u00edn Manolio<\/strong>, que ataj\u00f3 un penal, y de <strong>Tom\u00e1s L\u00f3pez<\/strong>.<\/p>\n<p>&nbsp;<\/p>\n<p>A la par, el joven defensor <strong>Uriel Ruiz<\/strong> fue titular en Sexta Divisi\u00f3n y marc\u00f3 el gol de Sarmiento en el duelo que culmin\u00f3 igualado 1 a 1.<\/p>\n<p>&nbsp;<\/p>\n<p><em><strong>Fotos Sarmiento: Gentileza de Anah\u00ed Lemma.<\/strong><\/em><\/p>\n","protected":false},"excerpt":{"rendered":"<p>Cuatro fueron los futbolistas locales en la Divisi\u00f3n Reserva, que disput\u00f3 la 8\u00b0 fecha de la Copa Proyecci\u00f3n. Adem\u00e1s, en<\/p>\n","protected":false},"author":96739694,"featured_media":157947,"comment_status":"closed","ping_status":"closed","sticky":false,"template":"","format":"standard","meta":{"_jetpack_memberships_contains_paid_content":false,"footnotes":""},"categories":[37,40,1],"tags":[],"class_list":["post-137665","post","type-post","status-publish","format-standard","has-post-thumbnail","hentry","category-futbol-profesional","category-inferiores","category-portada"],"jetpack_featured_media_url":"https:\/\/i0.wp.com\/cdnoticias.com\/wp-content\/uploads\/2023\/10\/Valentin-Manolio-y-Tomas-Lopez-Sarmiento-de-Junin-Juveniles-e1696283969145.jpeg?fit=1600%2C949&ssl=1","jetpack_sharing_enabled":true,"_links":{"self":[{"href":"https:\/\/cdnoticias.com\/index.php\/wp-json\/wp\/v2\/posts\/137665","targetHints":{"allow":["GET"]}}],"collection":[{"href":"https:\/\/cdnoticias.com\/index.php\/wp-json\/wp\/v2\/posts"}],"about":[{"href":"https:\/\/cdnoticias.com\/index.php\/wp-json\/wp\/v2\/types\/post"}],"author":[{"embeddable":true,"href":"https:\/\/cdnoticias.com\/index.php\/wp-json\/wp\/v2\/users\/96739694"}],"replies":[{"embeddable":true,"href":"https:\/\/cdnoticias.com\/index.php\/wp-json\/wp\/v2\/comments?post=137665"}],"version-history":[{"count":0,"href":"https:\/\/cdnoticias.com\/index.php\/wp-json\/wp\/v2\/posts\/137665\/revisions"}],"wp:featuredmedia":[{"embeddable":true,"href":"https:\/\/cdnoticias.com\/index.php\/wp-json\/wp\/v2\/media\/157947"}],"wp:attachment":[{"href":"https:\/\/cdnoticias.com\/index.php\/wp-json\/wp\/v2\/media?parent=137665"}],"wp:term":[{"taxonomy":"category","embeddable":true,"href":"https:\/\/cdnoticias.com\/index.php\/wp-json\/wp\/v2\/categories?post=137665"},{"taxonomy":"post_tag","embeddable":true,"href":"https:\/\/cdnoticias.com\/index.php\/wp-json\/wp\/v2\/tags?post=137665"}],"curies":[{"name":"wp","href":"https:\/\/api.w.org\/{rel}","templated":true}]}}