{"id":137664,"date":"2023-10-02T18:23:30","date_gmt":"2023-10-02T21:23:30","guid":{"rendered":"https:\/\/centraldeportes.com.ar\/?p=42971"},"modified":"2025-02-12T22:01:21","modified_gmt":"2025-02-13T01:01:21","slug":"los-lobitos-compitieron-en-el-memorial-carlitos-bella","status":"publish","type":"post","link":"https:\/\/cdnoticias.com\/index.php\/2023\/10\/02\/los-lobitos-compitieron-en-el-memorial-carlitos-bella\/","title":{"rendered":"Los Lobitos compitieron en el &#8220;Memorial Carlitos Bella&#8221;"},"content":{"rendered":"<p>El pasado s\u00e1bado, en el cierre del mes de septiembre, se realiz\u00f3 el Primer Torneo de Newcom &#8220;Memorial Carlitos Bella&#8221; en General La Madrid y Los Lobitos lograron consagrarse campeones en la Copa de Plata.<!--more--><\/p>\n<hr \/>\n<p>Los Lobitos categor\u00eda M\u00e1s 50 de Pueblo Nuevo tuvieron una destacada actuaci\u00f3n obteniendo la Copa de Plata en el certamen provincial que se llev\u00f3 a cabo en el Polideportivo Municipal y en el Club Deportivo Barracas.<\/p>\n<p>&nbsp;<\/p>\n<p>La competencia cont\u00f3 con la participaci\u00f3n de Cardales A, VAF Loma Negra, Cardales B, Ferro, Serranos, Barracas entre Amigos, Pulpitos, Pehuaj\u00f3 y Berazategui.<\/p>\n<p>&nbsp;<\/p>\n<p>Fabi\u00e1n Poblete, Miriam Petrele, Mariela Schwindt, Valeria Palacios, Andrea Capparuccia, Miguel Spitale, Claudio Orsatti, Juan Scrimizzi, Gabriel Ullman, Alejandro Lujan y Jorge Rojas integraron el equipo.<\/p>\n","protected":false},"excerpt":{"rendered":"<p>El pasado s\u00e1bado, en el cierre del mes de septiembre, se realiz\u00f3 el Primer Torneo de Newcom &#8220;Memorial Carlitos Bella&#8221;<\/p>\n","protected":false},"author":96739694,"featured_media":157952,"comment_status":"closed","ping_status":"closed","sticky":false,"template":"","format":"standard","meta":{"_jetpack_memberships_contains_paid_content":false,"footnotes":""},"categories":[30,1],"tags":[],"class_list":["post-137664","post","type-post","status-publish","format-standard","has-post-thumbnail","hentry","category-polideportivo","category-portada"],"jetpack_featured_media_url":"https:\/\/i0.wp.com\/cdnoticias.com\/wp-content\/uploads\/2023\/10\/WhatsApp-Image-2023-10-01-at-12.10.15-e1696285251327.jpeg?fit=1600%2C973&ssl=1","jetpack_sharing_enabled":true,"_links":{"self":[{"href":"https:\/\/cdnoticias.com\/index.php\/wp-json\/wp\/v2\/posts\/137664","targetHints":{"allow":["GET"]}}],"collection":[{"href":"https:\/\/cdnoticias.com\/index.php\/wp-json\/wp\/v2\/posts"}],"about":[{"href":"https:\/\/cdnoticias.com\/index.php\/wp-json\/wp\/v2\/types\/post"}],"author":[{"embeddable":true,"href":"https:\/\/cdnoticias.com\/index.php\/wp-json\/wp\/v2\/users\/96739694"}],"replies":[{"embeddable":true,"href":"https:\/\/cdnoticias.com\/index.php\/wp-json\/wp\/v2\/comments?post=137664"}],"version-history":[{"count":0,"href":"https:\/\/cdnoticias.com\/index.php\/wp-json\/wp\/v2\/posts\/137664\/revisions"}],"wp:featuredmedia":[{"embeddable":true,"href":"https:\/\/cdnoticias.com\/index.php\/wp-json\/wp\/v2\/media\/157952"}],"wp:attachment":[{"href":"https:\/\/cdnoticias.com\/index.php\/wp-json\/wp\/v2\/media?parent=137664"}],"wp:term":[{"taxonomy":"category","embeddable":true,"href":"https:\/\/cdnoticias.com\/index.php\/wp-json\/wp\/v2\/categories?post=137664"},{"taxonomy":"post_tag","embeddable":true,"href":"https:\/\/cdnoticias.com\/index.php\/wp-json\/wp\/v2\/tags?post=137664"}],"curies":[{"name":"wp","href":"https:\/\/api.w.org\/{rel}","templated":true}]}}