{"id":137663,"date":"2023-10-02T16:36:28","date_gmt":"2023-10-02T19:36:28","guid":{"rendered":"https:\/\/centraldeportes.com.ar\/?p=42967"},"modified":"2025-02-12T22:01:23","modified_gmt":"2025-02-13T01:01:23","slug":"excelente-actuacion-de-maitena-jorge-en-el-sudamericano","status":"publish","type":"post","link":"https:\/\/cdnoticias.com\/index.php\/2023\/10\/02\/excelente-actuacion-de-maitena-jorge-en-el-sudamericano\/","title":{"rendered":"Excelente actuaci\u00f3n de Maitena Jorge en el Sudamericano"},"content":{"rendered":"<p>Durante el pasado fin de semana, en Minas Gerais, se realiz\u00f3 el Campeonato Sudamericano de Velocidad y como parte del equipo nacional estuvo Maitena Jorge.<!--more--><\/p>\n<hr \/>\n<p>La palista del Club Estudiantes logr\u00f3 excelentes resultados con tres medallas en cuatro pruebas en las que dijo presente.<\/p>\n<p>&nbsp;<\/p>\n<p>En cuanto a resultados, Jorge compiti\u00f3 en la Categor\u00eda Cadetes y finaliz\u00f3 con un tremendo tercer puesto en su especialidad, K1 500m, mientras que en K1 1000m fue quinta.<\/p>\n<p>&nbsp;<\/p>\n<p>Luego, le toc\u00f3 competir en equipos en K4, siendo un pilar fundamental para un doblete de segundos puestos, tanto en 500 como en 1000 metros.<\/p>\n","protected":false},"excerpt":{"rendered":"<p>Durante el pasado fin de semana, en Minas Gerais, se realiz\u00f3 el Campeonato Sudamericano de Velocidad y como parte del<\/p>\n","protected":false},"author":96739694,"featured_media":157954,"comment_status":"closed","ping_status":"closed","sticky":false,"template":"","format":"standard","meta":{"_jetpack_memberships_contains_paid_content":false,"footnotes":""},"categories":[30,1],"tags":[],"class_list":["post-137663","post","type-post","status-publish","format-standard","has-post-thumbnail","hentry","category-polideportivo","category-portada"],"jetpack_featured_media_url":"https:\/\/i0.wp.com\/cdnoticias.com\/wp-content\/uploads\/2023\/10\/WhatsApp-Image-2023-10-01-at-20.01.26-e1696275375221.jpeg?fit=1200%2C714&ssl=1","jetpack_sharing_enabled":true,"_links":{"self":[{"href":"https:\/\/cdnoticias.com\/index.php\/wp-json\/wp\/v2\/posts\/137663","targetHints":{"allow":["GET"]}}],"collection":[{"href":"https:\/\/cdnoticias.com\/index.php\/wp-json\/wp\/v2\/posts"}],"about":[{"href":"https:\/\/cdnoticias.com\/index.php\/wp-json\/wp\/v2\/types\/post"}],"author":[{"embeddable":true,"href":"https:\/\/cdnoticias.com\/index.php\/wp-json\/wp\/v2\/users\/96739694"}],"replies":[{"embeddable":true,"href":"https:\/\/cdnoticias.com\/index.php\/wp-json\/wp\/v2\/comments?post=137663"}],"version-history":[{"count":0,"href":"https:\/\/cdnoticias.com\/index.php\/wp-json\/wp\/v2\/posts\/137663\/revisions"}],"wp:featuredmedia":[{"embeddable":true,"href":"https:\/\/cdnoticias.com\/index.php\/wp-json\/wp\/v2\/media\/157954"}],"wp:attachment":[{"href":"https:\/\/cdnoticias.com\/index.php\/wp-json\/wp\/v2\/media?parent=137663"}],"wp:term":[{"taxonomy":"category","embeddable":true,"href":"https:\/\/cdnoticias.com\/index.php\/wp-json\/wp\/v2\/categories?post=137663"},{"taxonomy":"post_tag","embeddable":true,"href":"https:\/\/cdnoticias.com\/index.php\/wp-json\/wp\/v2\/tags?post=137663"}],"curies":[{"name":"wp","href":"https:\/\/api.w.org\/{rel}","templated":true}]}}