{"id":137660,"date":"2023-10-02T00:17:10","date_gmt":"2023-10-02T03:17:10","guid":{"rendered":"https:\/\/centraldeportes.com.ar\/?p=42952"},"modified":"2025-02-12T22:01:29","modified_gmt":"2025-02-13T01:01:29","slug":"el-torneo-oficial-de-trios-caballeros-completo-la-fase-regular","status":"publish","type":"post","link":"https:\/\/cdnoticias.com\/index.php\/2023\/10\/02\/el-torneo-oficial-de-trios-caballeros-completo-la-fase-regular\/","title":{"rendered":"El Torneo Oficial de Tr\u00edos Caballeros complet\u00f3 la fase regular"},"content":{"rendered":"\n<div class=\"wp-block-group is-layout-constrained wp-block-group-is-layout-constrained\">\n<p>El certamen gestionado por la Asociaci\u00f3n de Bochas de Olavarr\u00eda tach\u00f3 las \u00faltimas tres fechas del certamen y durante la semana disputar\u00e1n los desempates.<!--more--><\/p>\n<hr \/>\n<p>Durante el transcurso de la \u00faltima semana, <strong>el Torneo Oficial de Tr\u00edos Caballeros<\/strong> tuvo triple jornada en distintas canchas de la ciudad y <strong>logr\u00f3 finalizar la etapa regular de la competencia<\/strong> <strong>en las dos categor\u00edas<\/strong>.<\/p>\n<p>\u00a0<\/p>\n<p>Con paridades en las ubicaciones establecidas, <strong>habr\u00e1 varios desempates para definir el posicionamiento definitivo<\/strong>. En la divisi\u00f3n principal, San Mart\u00edn y El Fort\u00edn deber\u00e1n decidir el 3\u00b0 y 4\u00b0 puesto.<\/p>\n<p>\u00a0<\/p>\n<p>Por su parte, en la categor\u00eda B, hay un triple empate en los primeros puestos entre Pueblo Nuevo, El Fort\u00edn y \u00c1lvaro Barros. Adem\u00e1s, el \u201cLe\u00f3n\u201d y Fort\u00edn Tradicionalista se medir\u00e1n para competir por el 4\u00b0 puesto.<\/p>\n<p>\u00a0<\/p>\n<ul>\n<li>\n<h6><strong>\u00a0Resultados Oficial de Tr\u00edos Caballeros:<\/strong><\/h6>\n<\/li>\n<\/ul>\n<p>\u00a0<\/p>\n<h6>Fecha 16 \u2013 Categor\u00eda A:<\/h6>\n<p>Pueblo Nuevo <strong>15 \u2013 2<\/strong> Sierra Chica<\/p>\n<p>Loma Negra <strong>8 \u2013 15<\/strong> El Fort\u00edn<\/p>\n<p>\u00c1lvaro Barros <strong>15 \u2013 2<\/strong> Fort\u00edn Tradicionalista<\/p>\n<p>La Amistad <strong>15 \u2013 6<\/strong> Hinojo<\/p>\n<p>Libre: San Mart\u00edn<\/p>\n<p>\u00a0<\/p>\n<h6>Fecha 16 \u2013 Categor\u00eda B:<\/h6>\n<p>Pueblo Nuevo <strong>15 \u2013 0<\/strong> Sierra Chica<\/p>\n<p>Loma Negra <strong>8 \u2013 15<\/strong> El Fort\u00edn<\/p>\n<p>\u00c1lvaro Barros <strong>15 \u2013 9<\/strong> Fort\u00edn Tradicionalista<\/p>\n<p>La Amistad <strong>15 \u2013 0<\/strong> Hinojo<\/p>\n<p>Libre: San Mart\u00edn<\/p>\n<p>\u00a0<\/p>\n<h6>Fecha 17 \u2013 Categor\u00eda A:<\/h6>\n<p>El Fort\u00edn <strong>15 \u2013 11<\/strong> \u00c1lvaro Barros<\/p>\n<p>Fort\u00edn Tradicionalista <strong>14 \u2013 15<\/strong> Pueblo Nuevo<\/p>\n<p>La Amistad<strong> 15 \u2013 7 <\/strong>San Mart\u00edn<\/p>\n<p>Sierra Chica<strong> 12 \u2013 15<\/strong> Hinojo<\/p>\n<p>Libre: Loma Negra.<\/p>\n<p>\u00a0<\/p>\n<h6>Fecha 17 \u2013 Categor\u00eda B:<\/h6>\n<p>El Fort\u00edn <strong>15 \u2013 13<\/strong> \u00c1lvaro Barros<\/p>\n<p>Fort\u00edn Tradicionalista <strong>15 \u2013 10<\/strong> Pueblo Nuevo<\/p>\n<p>La Amistad <strong>13 \u2013 15<\/strong> San Mart\u00edn<\/p>\n<p>Sierra Chica <strong>15 \u2013 14<\/strong> Hinojo<\/p>\n<p>Libre: Loma Negra.<\/p>\n<p>\u00a0<\/p>\n<h6>Fecha 18 \u2013 Categor\u00eda A:<\/h6>\n<p>San Mart\u00edn <strong>15 \u2013<\/strong> <strong>6<\/strong> Sierra Chica<\/p>\n<p>Pueblo Nuevo <strong>15 \u2013 5<\/strong> El Fort\u00edn<\/p>\n<p>Hinojo <strong>13 \u2013 15<\/strong> Fort\u00edn Tradicionalista<\/p>\n<p>\u00c1lvaro Barros <strong>11 \u2013 15<\/strong> Loma Negra<\/p>\n<p>Libre: La Amistad.<\/p>\n<p>\u00a0<\/p>\n<h6>Fecha 18 \u2013 Categor\u00eda B:<\/h6>\n<p>San Mart\u00edn <strong>15 \u2013 7<\/strong> Sierra Chica<\/p>\n<p>Pueblo Nuevo <strong>15 \u2013 0<\/strong> El Fort\u00edn<\/p>\n<p>Hinojo<strong> 12 \u2013 15<\/strong> Fort\u00edn Tradicionalista<\/p>\n<p>\u00c1lvaro Barros<strong> 15 \u2013 14<\/strong> Loma Negra<\/p>\n<p>Libre: La Amistad.<\/p>\n<p>\u00a0<\/p>\n<p><em><strong>Fuente: Diego Clar (Prensa Bochas)<\/strong><\/em><\/p>\n<p><strong><em>Foto: Archivo.<\/em><\/strong><\/p>\n<\/div>\n","protected":false},"excerpt":{"rendered":"<p>El certamen gestionado por la Asociaci\u00f3n de Bochas de Olavarr\u00eda tach\u00f3 las \u00faltimas tres fechas del certamen y durante la<\/p>\n","protected":false},"author":96739694,"featured_media":157754,"comment_status":"closed","ping_status":"closed","sticky":false,"template":"","format":"standard","meta":{"_jetpack_memberships_contains_paid_content":false,"footnotes":""},"categories":[30,1],"tags":[],"class_list":["post-137660","post","type-post","status-publish","format-standard","has-post-thumbnail","hentry","category-polideportivo","category-portada"],"jetpack_featured_media_url":"https:\/\/i0.wp.com\/cdnoticias.com\/wp-content\/uploads\/2023\/09\/Bochas-Oficial-de-Trios-AB-vs-LA-e1695497245753.jpeg?fit=1080%2C705&ssl=1","jetpack_sharing_enabled":true,"_links":{"self":[{"href":"https:\/\/cdnoticias.com\/index.php\/wp-json\/wp\/v2\/posts\/137660","targetHints":{"allow":["GET"]}}],"collection":[{"href":"https:\/\/cdnoticias.com\/index.php\/wp-json\/wp\/v2\/posts"}],"about":[{"href":"https:\/\/cdnoticias.com\/index.php\/wp-json\/wp\/v2\/types\/post"}],"author":[{"embeddable":true,"href":"https:\/\/cdnoticias.com\/index.php\/wp-json\/wp\/v2\/users\/96739694"}],"replies":[{"embeddable":true,"href":"https:\/\/cdnoticias.com\/index.php\/wp-json\/wp\/v2\/comments?post=137660"}],"version-history":[{"count":0,"href":"https:\/\/cdnoticias.com\/index.php\/wp-json\/wp\/v2\/posts\/137660\/revisions"}],"wp:featuredmedia":[{"embeddable":true,"href":"https:\/\/cdnoticias.com\/index.php\/wp-json\/wp\/v2\/media\/157754"}],"wp:attachment":[{"href":"https:\/\/cdnoticias.com\/index.php\/wp-json\/wp\/v2\/media?parent=137660"}],"wp:term":[{"taxonomy":"category","embeddable":true,"href":"https:\/\/cdnoticias.com\/index.php\/wp-json\/wp\/v2\/categories?post=137660"},{"taxonomy":"post_tag","embeddable":true,"href":"https:\/\/cdnoticias.com\/index.php\/wp-json\/wp\/v2\/tags?post=137660"}],"curies":[{"name":"wp","href":"https:\/\/api.w.org\/{rel}","templated":true}]}}