{"id":137658,"date":"2023-10-01T19:50:13","date_gmt":"2023-10-01T22:50:13","guid":{"rendered":"https:\/\/centraldeportes.com.ar\/?p=42938"},"modified":"2025-02-12T22:01:31","modified_gmt":"2025-02-13T01:01:31","slug":"la-7-fecha-del-torneo-oficial-con-unico-lider-y-accion-completa-en-primera","status":"publish","type":"post","link":"https:\/\/cdnoticias.com\/index.php\/2023\/10\/01\/la-7-fecha-del-torneo-oficial-con-unico-lider-y-accion-completa-en-primera\/","title":{"rendered":"La 7\u00b0 fecha del Torneo Oficial, con \u00fanico l\u00edder y acci\u00f3n completa en Primera"},"content":{"rendered":"<p>Entre s\u00e1bado y domingo, la m\u00e1xima categor\u00eda del f\u00fatbol local disput\u00f3 \u00edntegramente la s\u00e9ptima cita del campeonato con cuatro festejos y dos empates. En Reserva, solo jugaron Espigas \u2013 Loma Negra.<!--more--><\/p>\n<hr \/>\n<p>El <strong>s\u00e9ptimo cap\u00edtulo<\/strong> del certamen dom\u00e9stico tuvo acci\u00f3n completa este fin de semana, con horarios adaptados debido al Supercl\u00e1sico del f\u00fatbol argentino. La pelota rod\u00f3 en seis escenarios de la ciudad, <strong>hubo cuatro festejos y dos igualdades con 17 tantos en total<\/strong>.<\/p>\n<p>&nbsp;<\/p>\n<p>El pasado s\u00e1bado, <strong>Estudiantes<\/strong> gole\u00f3 en su cancha a <strong>Sierra Chica<\/strong> y qued\u00f3 como \u00fanico escolta de <strong>Racing<\/strong>, \u00fanico l\u00edder del torneo, que derrot\u00f3 este domingo a <strong>El Fort\u00edn<\/strong> en el Ricardo S\u00e1nchez.<\/p>\n<p>&nbsp;<\/p>\n<p>Por otro lado, <strong>Ferro<\/strong> se recuper\u00f3 de la ca\u00edda en el cl\u00e1sico y se impuso ante <strong>Hinojo<\/strong> en cancha del \u201cChaira\u201d, mientras que <strong>Embajadores<\/strong> sum\u00f3 otros tres puntos al golear a <strong>Luj\u00e1n<\/strong>. En paralelo, <strong>San Mart\u00edn y Municipales<\/strong> repartieron puntos en el Pozo Serrano, en tanto que <strong>Espigas y Loma Negra<\/strong> los emularon en el Pedro Iriart Legorburu.<\/p>\n<p>&nbsp;<\/p>\n<p>En Reserva, se disput\u00f3 solo un partido. El resto completar\u00e1n durante el transcurso de la semana.<\/p>\n<p>&nbsp;<\/p>\n<p><img data-recalc-dims=\"1\" loading=\"lazy\" decoding=\"async\" class=\"aligncenter size-large wp-image-42940\" src=\"https:\/\/i0.wp.com\/cdnoticias.com\/wp-content\/uploads\/2023\/10\/FCS-vs-Hinojo-7%C2%B0-fecha1.jpeg?resize=800%2C534&#038;ssl=1\" alt=\"\" width=\"800\" height=\"534\" \/><\/p>\n<p>&nbsp;<\/p>\n<ul>\n<li>\n<h6><strong>Resultados:<\/strong><\/h6>\n<\/li>\n<\/ul>\n<p>&nbsp;<\/p>\n<h6>Primera Divisi\u00f3n<\/h6>\n<p>&nbsp;<\/p>\n<p><a href=\"https:\/\/cdnoticias.com\/estudiantes-goleo-a-sierra-chica-y-hubo-empate-en-el-pozo-serrano\/\"><strong>Estudiantes<\/strong> (Ram\u00f3n Galotti -2- y Juan Jos\u00e9 Longhini -2-)<strong> 4 \u2013 1 Sierra Chica<\/strong> (Juan Ezequiel P\u00e9rez)<\/a><\/p>\n<p><strong>San Mart\u00edn<\/strong> (Alan Brahim) <strong>1 \u2013 1 Municipales<\/strong> (Tom\u00e1s Quiroga)<\/p>\n<p><strong>Espigas 0 \u2013 0 Loma Negra<\/strong><\/p>\n<p><strong>Luj\u00e1n 0 \u2013 5 Embajadores<\/strong> (Santino Sacchi -2-, Nicol\u00e1s Daffara, Nelson Mancuello y Bruno Di Bello)<\/p>\n<p><a href=\"https:\/\/cdnoticias.com\/racing-dio-una-muestra-de-caracter-en-el-ricardo-sanchez\/\"><strong>El Fort\u00edn 0 \u2013 2 Racing<\/strong> (Rub\u00e9n Tarasco -2-)<\/a><\/p>\n<p><strong>Ferro Carril Sud<\/strong> (Maximiliano Gargaglione e Hilario Blanco) <strong>2 \u2013 1 Hinojo<\/strong> (Mat\u00edas Da Rosa)<\/p>\n<p>&nbsp;<\/p>\n<p><img data-recalc-dims=\"1\" loading=\"lazy\" decoding=\"async\" class=\"aligncenter size-full wp-image-42942\" src=\"https:\/\/i0.wp.com\/cdnoticias.com\/wp-content\/uploads\/2023\/10\/Posiciones-7%C2%B0-Fecha-Primera.png?resize=781%2C568&#038;ssl=1\" alt=\"\" width=\"781\" height=\"568\" \/><\/p>\n<p>&nbsp;<\/p>\n<h6>Reserva<\/h6>\n<p>&nbsp;<\/p>\n<p>Espigas <strong>1 \u2013 1<\/strong> Loma Negra<\/p>\n<hr \/>\n<ul>\n<li>\n<h6><strong>Pr\u00f3xima fecha (8\u00b0):<\/strong><\/h6>\n<\/li>\n<\/ul>\n<p><img data-recalc-dims=\"1\" loading=\"lazy\" decoding=\"async\" class=\"aligncenter size-full wp-image-42943\" src=\"https:\/\/i0.wp.com\/cdnoticias.com\/wp-content\/uploads\/2023\/10\/Fecha-8.png?resize=348%2C220&#038;ssl=1\" alt=\"\" width=\"348\" height=\"220\" \/><\/p>\n<p>&nbsp;<\/p>\n<p><em><strong>Fotos: Gentileza Fotograf\u00edas Verito.<\/strong><\/em><\/p>\n","protected":false},"excerpt":{"rendered":"<p>Entre s\u00e1bado y domingo, la m\u00e1xima categor\u00eda del f\u00fatbol local disput\u00f3 \u00edntegramente la s\u00e9ptima cita del campeonato con cuatro festejos<\/p>\n","protected":false},"author":96739694,"featured_media":157968,"comment_status":"closed","ping_status":"closed","sticky":false,"template":"","format":"standard","meta":{"_jetpack_memberships_contains_paid_content":false,"footnotes":""},"categories":[35,1,41],"tags":[],"class_list":["post-137658","post","type-post","status-publish","format-standard","has-post-thumbnail","hentry","category-futbol","category-portada","category-primera-y-reserva"],"jetpack_featured_media_url":"https:\/\/i0.wp.com\/cdnoticias.com\/wp-content\/uploads\/2023\/10\/FCS-vs-Hinojo-7%C2%B0-fecha.jpeg?fit=1280%2C853&ssl=1","jetpack_sharing_enabled":true,"_links":{"self":[{"href":"https:\/\/cdnoticias.com\/index.php\/wp-json\/wp\/v2\/posts\/137658","targetHints":{"allow":["GET"]}}],"collection":[{"href":"https:\/\/cdnoticias.com\/index.php\/wp-json\/wp\/v2\/posts"}],"about":[{"href":"https:\/\/cdnoticias.com\/index.php\/wp-json\/wp\/v2\/types\/post"}],"author":[{"embeddable":true,"href":"https:\/\/cdnoticias.com\/index.php\/wp-json\/wp\/v2\/users\/96739694"}],"replies":[{"embeddable":true,"href":"https:\/\/cdnoticias.com\/index.php\/wp-json\/wp\/v2\/comments?post=137658"}],"version-history":[{"count":0,"href":"https:\/\/cdnoticias.com\/index.php\/wp-json\/wp\/v2\/posts\/137658\/revisions"}],"wp:featuredmedia":[{"embeddable":true,"href":"https:\/\/cdnoticias.com\/index.php\/wp-json\/wp\/v2\/media\/157968"}],"wp:attachment":[{"href":"https:\/\/cdnoticias.com\/index.php\/wp-json\/wp\/v2\/media?parent=137658"}],"wp:term":[{"taxonomy":"category","embeddable":true,"href":"https:\/\/cdnoticias.com\/index.php\/wp-json\/wp\/v2\/categories?post=137658"},{"taxonomy":"post_tag","embeddable":true,"href":"https:\/\/cdnoticias.com\/index.php\/wp-json\/wp\/v2\/tags?post=137658"}],"curies":[{"name":"wp","href":"https:\/\/api.w.org\/{rel}","templated":true}]}}