{"id":137656,"date":"2023-10-01T18:35:46","date_gmt":"2023-10-01T21:35:46","guid":{"rendered":"https:\/\/centraldeportes.com.ar\/?p=42930"},"modified":"2025-02-12T21:59:37","modified_gmt":"2025-02-13T00:59:37","slug":"racing-dio-una-muestra-de-caracter-en-el-ricardo-sanchez","status":"publish","type":"post","link":"https:\/\/cdnoticias.com\/index.php\/2023\/10\/01\/racing-dio-una-muestra-de-caracter-en-el-ricardo-sanchez\/","title":{"rendered":"Racing dio una muestra de car\u00e1cter en el Ricardo S\u00e1nchez"},"content":{"rendered":"\n<div class=\"wp-block-group is-layout-constrained wp-block-group-is-layout-constrained\">\n<p>El \u201cChaira\u201d, que jug\u00f3 con nueve durante todo el segundo tiempo, le gan\u00f3 2 a 0 a El Fort\u00edn en un duelo clave de los de arriba y es \u00fanico l\u00edder del Torneo Oficial. Arranque \u00e1spero: hubo tres expulsados en la primera mitad.<!--more--><\/p>\n<hr \/>\n<p>El c\u00e9sped del <strong>Estadio Ricardo S\u00e1nchez<\/strong> alberg\u00f3 este domingo en horas del mediod\u00eda el duelo trascendental de la <strong>7\u00b0 fecha del campeonato local<\/strong>, entre dos equipos que llegaron al fin de semana siendo punteros y en el que termin\u00f3 festejando Racing.<\/p>\n<p>\u00a0<\/p>\n<p><strong>Con doblete de Rub\u00e9n Tarasco<\/strong> \u2013 y doble asistencia de Mujica \u2013 <strong>el \u201cChaira\u201d derrot\u00f3 2 a 0 a El Fort\u00edn y trep\u00f3 a lo m\u00e1s alto de la tabla, en soledad, con 18 unidades<\/strong>. Y fue en un primer tiempo con muchas incidencias: la \u201cEstrellita\u201d termin\u00f3 con nueve por las expulsiones de Cataldi y Palmieri, mientras que en el \u201cFortinero\u201d vio la roja Junger.<\/p>\n<p>\u00a0<\/p>\n<ul>\n<li>\n<h6><strong>Detalles del partido<\/strong><\/h6>\n<\/li>\n<\/ul>\n<p>\u00a0<\/p>\n<p>Sin llegar con profundidad en terreno rival, ambos elencos propusieron un arranque de ida y vuelta. Hubo pocos disparos al arco hasta pasados los 20\u2019 de la primera mitad y las reiteradas faltas empezaron a predecir lo que finalmente lleg\u00f3 minutos despu\u00e9s.<\/p>\n<p>\u00a0<\/p>\n<p>En primer t\u00e9rmino, dos malas noticias para el \u201cChaira\u201d. Sufri\u00f3 la baja de Ordozoiti, que sali\u00f3 lesionado a los 25\u2019 y dos minutos despu\u00e9s la <strong>expulsi\u00f3n de Cataldi por doble amonestaci\u00f3n<\/strong>. El juego friccionado al l\u00edmite llev\u00f3 a que <strong>El Fort\u00edn se quedara tambi\u00e9n con diez hombres por la roja a Junger a los 34\u2019<\/strong> (doble amarilla).<\/p>\n<p>\u00a0<\/p>\n<p>[soliloquy id=&#8221;42910&#8243;]<\/p>\n<p>\u00a0<\/p>\n<p>A\u00fan as\u00ed los comandados por Torres avisaron a los 29\u2019 con un tiro libre de Gonz\u00e1lez, que le peg\u00f3 por afuera de la barrera e impact\u00f3 en la parte exterior del poste derecho. <strong>Sin embargo, cuando corr\u00edan 39\u2019 en el cron\u00f3metro, Garabento arm\u00f3 la ofensiva, cambi\u00f3 para Mujica, que asisti\u00f3 excelente a Rub\u00e9n Tarasco y el oriundo de Sunchales, que entr\u00f3 habilitado al \u00e1rea, no perdon\u00f3 y la clav\u00f3 en el medio del arco. Gol y a cobrar para el 0 \u2013 1 de Racing<\/strong>.<\/p>\n<p>\u00a0<\/p>\n<p>La situaci\u00f3n se tergivers\u00f3 al minuto con la <strong>roja directa a Palmieri, a instancias del Asistente N\u00b0 1<\/strong>, por festejo desmedido a la hinchada \u201cFortinera\u201d. Tal acci\u00f3n gener\u00f3 un tumulto a la altura de la salida del t\u00fanel del Ricardo S\u00e1nchez y el partido estuvo demorado cerca de ocho minutos. No pas\u00f3 a mayores.<\/p>\n<p>\u00a0<\/p>\n<p>Obligado por la desventaja num\u00e9rica, el \u201cChueco\u201d Garc\u00eda Lorenzo mand\u00f3 a la cancha a Grigera y ubic\u00f3 a Mujica en la posici\u00f3n de 3 para hacer toda la banda izquierda. Torres, en cambio y por razones obvias, apost\u00f3 a lo ofensivo con los ingresos de Ferrara y el \u201cCebolla\u201d Rodr\u00edguez; incluso manej\u00f3 la pelota y acorral\u00f3 a la \u201cEstrellita\u201d en su campo, pero no fue profundo y le cost\u00f3 cada vez m\u00e1s penetrar el muro defensivo visitante.<\/p>\n<p>\u00a0<\/p>\n<p><strong>Vivas fue fundamental tambi\u00e9n en las dos atajadas que se luci\u00f3<\/strong>. Primero a los 74\u2019 detuvo un disparo de Enzo Bonavetti y m\u00e1s tarde, a los 77\u2019, le ahog\u00f3 el grito a Hatrick con una notable volada.<\/p>\n<p>\u00a0<\/p>\n<h6>De contragolpe, el \u201cChaira\u201d lo liquid\u00f3<\/h6>\n<p>La jugada naci\u00f3 en los pies de <strong>Pablo Mujica<\/strong> \u2013 una de las figuras del mediod\u00eda \u2013 quien<strong> fue el encargado de trasladar varios metros por la banda izquierda, cambi\u00f3 de frente y le puso la pelota en el pie al \u201cToro\u201d Tarasco, que remat\u00f3 fuerte y a media altura, marc\u00f3 el 2 a 0<\/strong> y le puso cifras definitivas a las acciones en el reducto \u201cFortinero\u201d.<\/p>\n<p><strong>\u00a0<\/strong><\/p>\n<p><strong>S\u00edntesis El Fort\u00edn \u2013 Racing: \u00a0<\/strong><\/p>\n<p><strong>El Fort\u00edn (0):<\/strong> Franco Peralta; Emanuel Teves (G. Bravo), Hugo Larregina, Enzo Barrientos, Cristian Echarri (A. Hatrick); Marcos Bonavetti (S. Rodr\u00edguez), Bernardo Junger, Ariel Tolosa (E. Bonavetti), Yoel Gonz\u00e1lez; Leonardo Benito (L. Ferrara) y Emiliano Piecenti. DT: Fabricio Torres.<\/p>\n<p><strong>Racing (2): <\/strong>Rodrigo Vivas; Joaqu\u00edn Ayesa, Franco Aguirre, Ayrton Palmieri, Ignacio Baldo (N. Grigera); Mat\u00edas Ordozgoiti (R. Garabento; A. Rubio), Manuel Scacheri, Alejandro Cataldi, Juan Ignacio Fern\u00e1ndez; Pablo Mujica y Rub\u00e9n Tarasco. DT: David Garc\u00eda Lorenzo.<\/p>\n<p><strong>Goles<\/strong>: 39m. PT y 42m. ST Rub\u00e9n Tarasco (RAC).<\/p>\n<p><strong>Amonestados<\/strong>: Teves, Gonz\u00e1lez, Larregina, Bravo y Barrientos (El Fort\u00edn); Ayesa y Matos \u2013 desde el banco \u2013 (Racing).<\/p>\n<p><strong>Expulsados<\/strong>: 27m. PT Alejandro Cataldi (RAC); 34m. PT Bernardo Junger (EF); 40m. PT Ayrton Palmieri (RAC) y 45m. (+5) ST Ismael Palmieri \u2013 EA \u2013 (RAC).<\/p>\n<p><strong>\u00c1rbitro<\/strong>: Nicol\u00e1s Moreno. <strong>Estadio<\/strong>: Ricardo S\u00e1nchez.<\/p>\n<\/div>\n","protected":false},"excerpt":{"rendered":"<p>El \u201cChaira\u201d, que jug\u00f3 con nueve durante todo el segundo tiempo, le gan\u00f3 2 a 0 a El Fort\u00edn en<\/p>\n","protected":false},"author":96739694,"featured_media":157841,"comment_status":"closed","ping_status":"closed","sticky":false,"template":"","format":"standard","meta":{"_jetpack_memberships_contains_paid_content":false,"footnotes":""},"categories":[35,1,41],"tags":[],"class_list":["post-137656","post","type-post","status-publish","format-standard","has-post-thumbnail","hentry","category-futbol","category-portada","category-primera-y-reserva"],"jetpack_featured_media_url":"https:\/\/i0.wp.com\/cdnoticias.com\/wp-content\/uploads\/2023\/10\/Photo_1696180086767-scaled.jpg?fit=2560%2C1706&ssl=1","jetpack_sharing_enabled":true,"_links":{"self":[{"href":"https:\/\/cdnoticias.com\/index.php\/wp-json\/wp\/v2\/posts\/137656","targetHints":{"allow":["GET"]}}],"collection":[{"href":"https:\/\/cdnoticias.com\/index.php\/wp-json\/wp\/v2\/posts"}],"about":[{"href":"https:\/\/cdnoticias.com\/index.php\/wp-json\/wp\/v2\/types\/post"}],"author":[{"embeddable":true,"href":"https:\/\/cdnoticias.com\/index.php\/wp-json\/wp\/v2\/users\/96739694"}],"replies":[{"embeddable":true,"href":"https:\/\/cdnoticias.com\/index.php\/wp-json\/wp\/v2\/comments?post=137656"}],"version-history":[{"count":0,"href":"https:\/\/cdnoticias.com\/index.php\/wp-json\/wp\/v2\/posts\/137656\/revisions"}],"wp:featuredmedia":[{"embeddable":true,"href":"https:\/\/cdnoticias.com\/index.php\/wp-json\/wp\/v2\/media\/157841"}],"wp:attachment":[{"href":"https:\/\/cdnoticias.com\/index.php\/wp-json\/wp\/v2\/media?parent=137656"}],"wp:term":[{"taxonomy":"category","embeddable":true,"href":"https:\/\/cdnoticias.com\/index.php\/wp-json\/wp\/v2\/categories?post=137656"},{"taxonomy":"post_tag","embeddable":true,"href":"https:\/\/cdnoticias.com\/index.php\/wp-json\/wp\/v2\/tags?post=137656"}],"curies":[{"name":"wp","href":"https:\/\/api.w.org\/{rel}","templated":true}]}}