{"id":137653,"date":"2023-10-01T08:28:07","date_gmt":"2023-10-01T11:28:07","guid":{"rendered":"https:\/\/centraldeportes.com.ar\/?p=42895"},"modified":"2025-02-12T21:59:44","modified_gmt":"2025-02-13T00:59:44","slug":"las-inferiores-abrieron-el-octavo-capitulo-del-torneo-clausura","status":"publish","type":"post","link":"https:\/\/cdnoticias.com\/index.php\/2023\/10\/01\/las-inferiores-abrieron-el-octavo-capitulo-del-torneo-clausura\/","title":{"rendered":"Las Inferiores abrieron el octavo cap\u00edtulo del Torneo Clausura"},"content":{"rendered":"\n<div class=\"wp-block-group is-layout-constrained wp-block-group-is-layout-constrained\">\n<p>Con m\u00e1s de veinte partidos jugados, este s\u00e1bado las categor\u00edas juveniles disputaron gran parte de la 8\u00b0 cita del certamen que tuvo durante su transcurso un duelo suspendido. El lunes, completar\u00e1n Racing \u2013 Luj\u00e1n en tres divisiones.<!--more--><\/p>\n<hr \/>\n<p>El tercer campeonato del a\u00f1o organizado para las <strong>Divisiones Inferiores de Olavarr\u00eda<\/strong> tuvo continuidad a lo largo de este s\u00e1bado, con el recorrido de varios partidos correspondientes a la <strong>8\u00b0 fecha del calendario<\/strong>.<\/p>\n<p>\u00a0<\/p>\n<p>Como cada fin de semana, siete escenarios se repartieron los veintitr\u00e9s enfrentamientos pactados aunque l<strong>a jornada se completar\u00e1 el pr\u00f3ximo lunes con los cruces entre Racing y Luj\u00e1n<\/strong> en Octava, Sexta y Quinta divisi\u00f3n.<\/p>\n<p>\u00a0<\/p>\n<p>El susto lleg\u00f3 desde el sint\u00e9tico del \u201cTete\u201d Di Carlo. Cuando transcurr\u00edan 20\u2019 del primer tiempo,<strong> un juvenil de Hinojo recibi\u00f3 un fuerte golpe en la cabeza<\/strong> sin intenci\u00f3n de un compa\u00f1ero cuando quiso rechazar y<strong> debi\u00f3 ser trasladado al hospital<\/strong> donde se recuper\u00f3 favorablemente pese a que continu\u00f3 bajo observaci\u00f3n m\u00e9dica.<\/p>\n<p>\u00a0<\/p>\n<p>Asimismo, en el balance de la jornada, <strong>San Mart\u00edn<\/strong> cosech\u00f3 solo triunfos, al igual que <strong>Embajadores<\/strong> (excepto S\u00e9ptima). Por su parte <strong>Sierra Chica y Ferro<\/strong> no tuvieron derrotas, mientras que en la \u00fanica divisi\u00f3n de local\u00edas predomin\u00f3 el <strong>elenco \u201cFortinero\u201d<\/strong>.<\/p>\n<p>\u00a0<\/p>\n<p>[soliloquy id=&#8221;42871&#8243;]<\/p>\n<p>\u00a0<\/p>\n<ul>\n<li>\n<h6><strong>Resultados:<\/strong><\/h6>\n<\/li>\n<\/ul>\n<p>\u00a0<\/p>\n<h6><strong>En D\u00e9cima<\/strong>:<\/h6>\n<p>Ferro <strong>0 \u2013 0<\/strong> Loma Negra<\/p>\n<p>Embajadores <strong>2 \u2013 0<\/strong> Hinojo<\/p>\n<p>El Fort\u00edn <strong>1 \u2013 1<\/strong> Estudiantes<\/p>\n<p>Sierra Chica <strong>0 \u2013 0<\/strong> Municipales<\/p>\n<p>\u00a0<\/p>\n<p><\/p>\n<figure class=\"wp-block-image\"><img data-recalc-dims=\"1\" decoding=\"async\" class=\"wp-image-42897\" src=\"https:\/\/i0.wp.com\/cdnoticias.com\/wp-content\/uploads\/2023\/10\/Posiciones-Decima-8%C2%B0-fecha-Clausura.png?w=800&#038;ssl=1\" alt=\"\" \/><\/figure>\n<p><\/p>\n<p>\u00a0<\/p>\n<h6><strong>En Novena<\/strong>:<\/h6>\n<p>Ferro <strong>3 \u2013 0<\/strong> Loma Negra<\/p>\n<p>El Fort\u00edn <strong>4 \u2013 0<\/strong> Estudiantes<\/p>\n<p>\u00a0<\/p>\n<p><\/p>\n<figure class=\"wp-block-image\"><img data-recalc-dims=\"1\" decoding=\"async\" class=\"wp-image-42898\" src=\"https:\/\/i0.wp.com\/cdnoticias.com\/wp-content\/uploads\/2023\/10\/Posiciones-Novena-8%C2%B0-fecha-Clausura.png?w=800&#038;ssl=1\" alt=\"\" \/><\/figure>\n<p><\/p>\n<p>\u00a0<\/p>\n<h6><strong>En Octava<\/strong>:<\/h6>\n<p>Ferro <strong>1 \u2013 0<\/strong> Loma Negra<\/p>\n<p>Embajadores <strong>6 \u2013 0<\/strong> Hinojo<\/p>\n<p>San Mart\u00edn<strong> 4 \u2013 0<\/strong> Colonias y Cerros<\/p>\n<p>El Fort\u00edn <strong>0 \u2013 2<\/strong> Estudiantes<\/p>\n<p>Sierra Chica <strong>3 \u2013 0<\/strong> Municipales<\/p>\n<p>Racing \u2013 Luj\u00e1n (<strong>Se juega este lunes 02\/10<\/strong>)<\/p>\n<p>\u00a0<\/p>\n<p><\/p>\n<figure class=\"wp-block-image\"><img data-recalc-dims=\"1\" decoding=\"async\" class=\"wp-image-42899\" src=\"https:\/\/i0.wp.com\/cdnoticias.com\/wp-content\/uploads\/2023\/10\/Posiciones-Octava-8%C2%B0-fecha-Clausura.png?w=800&#038;ssl=1\" alt=\"\" \/><\/figure>\n<p>\u00a0<\/p>\n<h6><strong>En S\u00e9ptima:<\/strong><\/h6>\n<p>Ferro <strong>1 \u2013 1<\/strong> Loma Negra<\/p>\n<p>Embajadores <strong>1 \u2013 0<\/strong> Hinojo (<strong>Suspendido a los 20\u2019 del primer tiempo<\/strong>)<\/p>\n<p>San Mart\u00edn <strong>1 \u2013 0<\/strong> Colonias y Cerros<\/p>\n<p>Estudiantes <strong>1 \u2013 5<\/strong> El Fort\u00edn<\/p>\n<p>\u00a0<\/p>\n<p><\/p>\n<figure class=\"wp-block-image\"><img data-recalc-dims=\"1\" decoding=\"async\" class=\"wp-image-42901\" src=\"https:\/\/i0.wp.com\/cdnoticias.com\/wp-content\/uploads\/2023\/10\/Posiciones-Septima-8%C2%B0-fecha-Clausura.png?w=800&#038;ssl=1\" alt=\"\" \/><\/figure>\n<p><\/p>\n<p>\u00a0<\/p>\n<h6><strong>En Sexta:<\/strong><\/h6>\n<p>Ferro <strong>1 \u2013 1<\/strong> Loma Negra<\/p>\n<p>San Mart\u00edn <strong>8 \u2013 0<\/strong> Colonias y Cerros<\/p>\n<p>Estudiantes <strong>0 \u2013 2<\/strong> El Fort\u00edn<\/p>\n<p>Sierra Chica <strong>1 \u2013 0<\/strong> Municipales<\/p>\n<p>Racing \u2013 Luj\u00e1n (<strong>Se juega este lunes 02\/10<\/strong>)<\/p>\n<p>\u00a0<\/p>\n<p><\/p>\n<figure class=\"wp-block-image\"><img data-recalc-dims=\"1\" decoding=\"async\" class=\"wp-image-42902\" src=\"https:\/\/i0.wp.com\/cdnoticias.com\/wp-content\/uploads\/2023\/10\/Posiciones-Sexta-8%C2%B0-fecha-Clausura.png?w=800&#038;ssl=1\" alt=\"\" \/><\/figure>\n<p>\u00a0<\/p>\n<h6><strong>En Quinta:<\/strong><\/h6>\n<p>Ferro <strong>5 \u2013 1<\/strong> Loma Negra<\/p>\n<p>Embajadores <strong>3 \u2013 1<\/strong> Hinojo<\/p>\n<p>Estudiantes <strong>2 \u2013 0<\/strong> El Fort\u00edn<\/p>\n<p>Sierra Chica <strong>3 \u2013 1<\/strong> Municipales<\/p>\n<p>Racing \u2013 Luj\u00e1n (<strong>Se juega este lunes 02\/10<\/strong>)<\/p>\n<p>\u00a0<\/p>\n<p><\/p>\n<figure class=\"wp-block-image\"><img data-recalc-dims=\"1\" decoding=\"async\" class=\"wp-image-42900\" src=\"https:\/\/i0.wp.com\/cdnoticias.com\/wp-content\/uploads\/2023\/10\/Posiciones-Quinta-8%C2%B0-fecha-Clausura.png?w=800&#038;ssl=1\" alt=\"\" \/><\/figure>\n<p><\/p>\n<\/div>\n\n","protected":false},"excerpt":{"rendered":"<p>Con m\u00e1s de veinte partidos jugados, este s\u00e1bado las categor\u00edas juveniles disputaron gran parte de la 8\u00b0 cita del certamen<\/p>\n","protected":false},"author":96739694,"featured_media":157855,"comment_status":"closed","ping_status":"closed","sticky":false,"template":"","format":"standard","meta":{"_jetpack_memberships_contains_paid_content":false,"footnotes":""},"categories":[35,40,1],"tags":[],"class_list":["post-137653","post","type-post","status-publish","format-standard","has-post-thumbnail","hentry","category-futbol","category-inferiores","category-portada"],"jetpack_featured_media_url":"https:\/\/i0.wp.com\/cdnoticias.com\/wp-content\/uploads\/2023\/09\/Photo_1696118011324-scaled.jpg?fit=2560%2C1709&ssl=1","jetpack_sharing_enabled":true,"_links":{"self":[{"href":"https:\/\/cdnoticias.com\/index.php\/wp-json\/wp\/v2\/posts\/137653","targetHints":{"allow":["GET"]}}],"collection":[{"href":"https:\/\/cdnoticias.com\/index.php\/wp-json\/wp\/v2\/posts"}],"about":[{"href":"https:\/\/cdnoticias.com\/index.php\/wp-json\/wp\/v2\/types\/post"}],"author":[{"embeddable":true,"href":"https:\/\/cdnoticias.com\/index.php\/wp-json\/wp\/v2\/users\/96739694"}],"replies":[{"embeddable":true,"href":"https:\/\/cdnoticias.com\/index.php\/wp-json\/wp\/v2\/comments?post=137653"}],"version-history":[{"count":0,"href":"https:\/\/cdnoticias.com\/index.php\/wp-json\/wp\/v2\/posts\/137653\/revisions"}],"wp:featuredmedia":[{"embeddable":true,"href":"https:\/\/cdnoticias.com\/index.php\/wp-json\/wp\/v2\/media\/157855"}],"wp:attachment":[{"href":"https:\/\/cdnoticias.com\/index.php\/wp-json\/wp\/v2\/media?parent=137653"}],"wp:term":[{"taxonomy":"category","embeddable":true,"href":"https:\/\/cdnoticias.com\/index.php\/wp-json\/wp\/v2\/categories?post=137653"},{"taxonomy":"post_tag","embeddable":true,"href":"https:\/\/cdnoticias.com\/index.php\/wp-json\/wp\/v2\/tags?post=137653"}],"curies":[{"name":"wp","href":"https:\/\/api.w.org\/{rel}","templated":true}]}}