{"id":137643,"date":"2023-09-28T08:36:12","date_gmt":"2023-09-28T11:36:12","guid":{"rendered":"https:\/\/centraldeportes.com.ar\/?p=42769"},"modified":"2025-02-12T21:58:02","modified_gmt":"2025-02-13T00:58:02","slug":"el-torneo-oficial-esta-al-dia-embajadores-gano-y-se-acomodo-en-la-tabla","status":"publish","type":"post","link":"https:\/\/cdnoticias.com\/index.php\/2023\/09\/28\/el-torneo-oficial-esta-al-dia-embajadores-gano-y-se-acomodo-en-la-tabla\/","title":{"rendered":"El Torneo oficial est\u00e1 al d\u00eda: Embajadores gan\u00f3 y se acomod\u00f3 en la tabla"},"content":{"rendered":"\n<div class=\"wp-block-group is-layout-constrained wp-block-group-is-layout-constrained\">\n<p>En el duelo pendiente por la 1\u00b0 fecha del campeonato local, el CEO gole\u00f3 3 a 0 a Municipales en el sint\u00e9tico del \u201cTete\u201d Di Carlo. El conjunto de \u201cFatiga\u201d jug\u00f3 todo el complemento en desventaja num\u00e9rica.<!--more--><\/p>\n<hr \/>\n<p>El certamen liguista de Primera Divisi\u00f3n y Reserva organizado por la Liga de F\u00fatbol de Olavarr\u00eda ya no tiene asteriscos, debido a que en la noche de este mi\u00e9rcoles <strong>Municipales y Embajadores<\/strong>, ambos finalistas del Interligas 2023, <strong>recuperaron el postergado de la 1\u00b0 fecha<\/strong>.<\/p>\n<p>\u00a0<\/p>\n<p>El conjunto de \u201cLucho\u201d Bilbao sac\u00f3 doble ventaja al cierre del primer tiempo y <strong>con goles de Juan Manuel \u00c1lvarez, Santino Sacchi y Alejo Di Carlo, derrot\u00f3 3 a 0 al elenco del sindicato<\/strong> que hizo de local en el \u201cTete\u201d Di Carlo y termin\u00f3 con nueve hombres por las expulsiones de P\u00e9rez y Gim\u00e9nez.<\/p>\n<p>\u00a0<\/p>\n<ul>\n<li>\n<h6><strong>Detalles del partido<\/strong><\/h6>\n<\/li>\n<\/ul>\n<p>\u00a0<\/p>\n<p>Poco sucedi\u00f3 hasta pasados los 20\u2019 del primer tiempo. En ese lapso ambas escuadras concentraron la acci\u00f3n en la mitad de la cancha, se repartieron la pelota y no lograron hilvanar jugadas de peligro. No obstante Embajadores, rearmado en el mediocampo por la ausencia de Areco, agarr\u00f3 la pelota y apost\u00f3 a profundizar por la izquierda con las subidas de Sacchi.<\/p>\n<p>\u00a0<\/p>\n<p>Y avis\u00f3 a los 24\u2019 con Di Carlo que elev\u00f3 demasiado el disparo y m\u00e1s tarde, a los 32\u2019, pudo haber sacado algo m\u00e1s de una jugada en la que el propio Sacchi \u2013 habilitado \u2013 qued\u00f3 mano a mano con Bahl, pero le cobraron posici\u00f3n adelantada.<\/p>\n<p>\u00a0<\/p>\n<p>Municipales tuvo una muy buena a los 33\u2019 con Di Filippi, que prob\u00f3 desde la puerta del \u00e1rea pero se le abri\u00f3 demasiado el remate. Sin embargo,<strong> la expulsi\u00f3n directa de Alan P\u00e9rez a los 39\u2019 (supuesta agresi\u00f3n a Di Bello) fue fat\u00eddica para el equipo de \u201cFatiga\u201d<\/strong> que enseguida se encontr\u00f3 con dos goles en contra.<\/p>\n<p>\u00a0<\/p>\n<p>[soliloquy id=&#8221;42735&#8243;]<\/p>\n<p>\u00a0<\/p>\n<p>Luciano Rojas fue part\u00edcipe clave en los dos goles. <strong>Primero aguant\u00f3 el env\u00edo de Sasali y cedi\u00f3 para Sacchi que fue derribado por el arquero \u2013 era penal \u2013 pero Rodr\u00edguez, que otorg\u00f3 bien la ley de ventaja, le dio la chance a Juan Manuel \u00c1lvarez de terminar la jugada en gol cuando corr\u00edan 41\u2019 en el cron\u00f3metro<\/strong>.<\/p>\n<p>\u00a0<\/p>\n<p><strong>El segundo, con una linda jugada, lleg\u00f3 en el adicional de la primera mitad. El mismo \u201cLuli\u201d Rojas recibi\u00f3 de Lareu y asisti\u00f3 a Santino Sacchi, que sac\u00f3 un fuerte derechazo al primer palo y decret\u00f3 el segundo grito de la noche<\/strong>.<\/p>\n<p>\u00a0<\/p>\n<p>Durante el segundo tiempo, el CEO perdi\u00f3 lucidez y el juego transcurri\u00f3 gran parte del per\u00edodo en su terreno. Todo por obra de un Municipales, que a pesar de la desventaja num\u00e9rica, lo fue a buscar y gener\u00f3 dos ocasiones manifiestas que no logr\u00f3 aprovechar. Primero con Guzm\u00e1n y m\u00e1s tarde con Rivas (muy solo arriba).<\/p>\n<p>\u00a0<\/p>\n<p>Si Embajadores aguant\u00f3 la arremetida fue por el esfuerzo de la \u00faltima l\u00ednea defensiva y la buena labor de Barzola, que rechaz\u00f3 todo lo que cay\u00f3 en su \u00e1rea. La roja a Claudio Gim\u00e9nez por doble amonestaci\u00f3n fue un baldazo de agua fr\u00eda para Municipales cuando corr\u00edan 68\u2019.<\/p>\n<p>\u00a0<\/p>\n<p>Pese a ello, quiz\u00e1 en una de las \u00fanicas llegadas en el complemento, <strong>Juan Sim\u00f3n Puente se desprendi\u00f3 por derecha y jug\u00f3 al medio para Alejo Di Carlo que la termin\u00f3 empujando al fondo de la red y puso el 3 a 0 para los de Bilbao<\/strong>, que se recuperaron r\u00e1pido de la ca\u00edda ante Racing y se prendieron a la pelea con 13 unidades en la tabla.<\/p>\n<p>\u00a0<\/p>\n<p><strong>S\u00edntesis Municipales \u2013 Embajadores: \u00a0<\/strong><\/p>\n<p><strong>Municipales (0):<\/strong> Gonzalo Bahl; Agust\u00edn Loos, Alan P\u00e9rez, Carlos Ruschetti, Emiliano Vistalli; Alexis Guzm\u00e1n, Alen Leal, Camilo Di Filippo (N. Arce), Claudio Gim\u00e9nez; Tom\u00e1s Quiroga (E. Sbardolini) y Gabriel Rivas. DT: Francisco Russo.<\/p>\n<p><strong>Embajadores (3): <\/strong>Maximiliano Barrag\u00e1n; Bruno Di Bello (F. G\u00f3mez), Lautaro Sasali (J. Sal\u00edas), Diego Barzola, Franco Lopreite (R. Cuatrocchio); Nicol\u00e1s Lareu, Esteban G\u00f3mez, Juan Manuel \u00c1lvarez; Alejo Di Carlo, Luciano Rojas (J. Puente) y Santino Sacchi (J. Lamas). DT: Luciano Bilbao.<\/p>\n<p><strong>Goles<\/strong>: 41m. PT Juan Manuel \u00c1lvarez, 45m. (+1) PT Santino Sacchi y 45m. (+2) ST Alejo Di Carlo (CEO).<\/p>\n<p><strong>Amonestados<\/strong>: Loos (Municipales); Lareu, Di Bello y Sasali (Embajadores).<\/p>\n<p><strong>Expulsados<\/strong>: 34m. PT Bruno Di Carlo \u2013 PF \u2013 (CEO); 39m. PT Alan P\u00e9rez y 23m. ST Claudio Gim\u00e9nez (M).<\/p>\n<p><strong>\u00c1rbitro<\/strong>: Nicol\u00e1s Rodr\u00edguez. <strong>Estadio<\/strong>: Clemente \u201cTete\u201d Di Carlo.<\/p>\n<p><strong>Reserva:<\/strong> Municipales <strong>1 \u2013 1<\/strong> Embajadores.<\/p>\n<\/div>\n","protected":false},"excerpt":{"rendered":"<p>En el duelo pendiente por la 1\u00b0 fecha del campeonato local, el CEO gole\u00f3 3 a 0 a Municipales en<\/p>\n","protected":false},"author":96739694,"featured_media":157793,"comment_status":"closed","ping_status":"closed","sticky":false,"template":"","format":"standard","meta":{"_jetpack_memberships_contains_paid_content":false,"footnotes":""},"categories":[35,1,41],"tags":[],"class_list":["post-137643","post","type-post","status-publish","format-standard","has-post-thumbnail","hentry","category-futbol","category-portada","category-primera-y-reserva"],"jetpack_featured_media_url":"https:\/\/i0.wp.com\/cdnoticias.com\/wp-content\/uploads\/2023\/09\/futbol-ceo-4.jpeg?fit=1600%2C1066&ssl=1","jetpack_sharing_enabled":true,"_links":{"self":[{"href":"https:\/\/cdnoticias.com\/index.php\/wp-json\/wp\/v2\/posts\/137643","targetHints":{"allow":["GET"]}}],"collection":[{"href":"https:\/\/cdnoticias.com\/index.php\/wp-json\/wp\/v2\/posts"}],"about":[{"href":"https:\/\/cdnoticias.com\/index.php\/wp-json\/wp\/v2\/types\/post"}],"author":[{"embeddable":true,"href":"https:\/\/cdnoticias.com\/index.php\/wp-json\/wp\/v2\/users\/96739694"}],"replies":[{"embeddable":true,"href":"https:\/\/cdnoticias.com\/index.php\/wp-json\/wp\/v2\/comments?post=137643"}],"version-history":[{"count":0,"href":"https:\/\/cdnoticias.com\/index.php\/wp-json\/wp\/v2\/posts\/137643\/revisions"}],"wp:featuredmedia":[{"embeddable":true,"href":"https:\/\/cdnoticias.com\/index.php\/wp-json\/wp\/v2\/media\/157793"}],"wp:attachment":[{"href":"https:\/\/cdnoticias.com\/index.php\/wp-json\/wp\/v2\/media?parent=137643"}],"wp:term":[{"taxonomy":"category","embeddable":true,"href":"https:\/\/cdnoticias.com\/index.php\/wp-json\/wp\/v2\/categories?post=137643"},{"taxonomy":"post_tag","embeddable":true,"href":"https:\/\/cdnoticias.com\/index.php\/wp-json\/wp\/v2\/tags?post=137643"}],"curies":[{"name":"wp","href":"https:\/\/api.w.org\/{rel}","templated":true}]}}