{"id":137632,"date":"2023-09-26T20:16:50","date_gmt":"2023-09-26T23:16:50","guid":{"rendered":"https:\/\/centraldeportes.com.ar\/?p=42646"},"modified":"2025-02-12T21:58:19","modified_gmt":"2025-02-13T00:58:19","slug":"quimey-marin-volvio-al-gol-y-corto-la-mala-racha-de-santamarina","status":"publish","type":"post","link":"https:\/\/cdnoticias.com\/index.php\/2023\/09\/26\/quimey-marin-volvio-al-gol-y-corto-la-mala-racha-de-santamarina\/","title":{"rendered":"Quimey Mar\u00edn volvi\u00f3 al gol y cort\u00f3 la mala racha de Santamarina"},"content":{"rendered":"<p>El delantero olavarriense convirti\u00f3 el tanto de la victoria frente a Cipolletti en el marco de la 32\u00b0 fecha del Torneo Federal A. Adem\u00e1s, otros cuatro representantes locales fueron part\u00edcipes de la jornada.<!--more--><\/p>\n<hr \/>\n<p>Con actividad en las cuatro zonas, la categor\u00eda de ascenso para los equipos del interior disput\u00f3 el pasado fin de semana la <strong>32\u00b0 cita del campeonato<\/strong> y solamente hubo acci\u00f3n para los olavarrienses que militan en equipos de la Zona A.<\/p>\n<p>&nbsp;<\/p>\n<p>La novedad de la fecha lleg\u00f3 desde Tandil, con el <strong>triunfo 2 a 1 de Santamarina ante Cipolletti<\/strong> disputado en el Estadio Municipal General San Mart\u00edn. <strong>Y el tanto de la victoria fue autor\u00eda de Quimey Mar\u00edn, quien arranc\u00f3 de titular y a los 27\u2019 del segundo tiempo le puso cifras definitivas al partido<\/strong>.<\/p>\n<p>&nbsp;<\/p>\n<p>Con el resultado obtenido, el \u201cSanta\u201d cort\u00f3 una racha de seis partidos sin sumar de a tres, asegur\u00f3 su permanencia en la categor\u00eda y mantiene la pelea por un boleto al Reducido Final. <strong>Adem\u00e1s, en el mismo cotejo, el olavarriense Valent\u00edn Pompei estuvo presente como cuarto \u00e1rbitro<\/strong>.<\/p>\n<p>&nbsp;<\/p>\n<figure id=\"attachment_42648\" aria-describedby=\"caption-attachment-42648\" style=\"width: 800px\" class=\"wp-caption aligncenter\"><img data-recalc-dims=\"1\" loading=\"lazy\" decoding=\"async\" class=\"wp-image-42648 size-large\" src=\"https:\/\/i0.wp.com\/cdnoticias.com\/wp-content\/uploads\/2023\/09\/Leonardo-Vitale-Sansinena-vs-Olimpo.jpg?resize=800%2C533&#038;ssl=1\" alt=\"\" width=\"800\" height=\"533\" \/><figcaption id=\"caption-attachment-42648\" class=\"wp-caption-text\">Cr\u00e9dito: Olimpo Oficial<\/figcaption><\/figure>\n<p>&nbsp;<\/p>\n<p>El domingo en General Cerri, Sansinena y Olimpo terminaron repartiendo puntos luego de igualar 1 a 1 al cabo de los 90\u2019. Los defensores<strong> Facundo Wiechniak<\/strong> <strong>y Leonardo Vitale fueron titulares en el local<\/strong>, mientras que en el \u201cAurinegro\u201d bahiense, <strong>Nadir Hadad<\/strong> ingres\u00f3 a los 81\u2019 en lugar de Leandro Gonz\u00e1lez.<\/p>\n<p>&nbsp;<\/p>\n<p>Bajo la misma Zona, <strong>no hubo actividad para Diego San Juli\u00e1n ya que C\u00edrculo Deportivo cumpli\u00f3 la fecha libre<\/strong>. En paralelo,<strong> Alfredo Troncoso no fue convocado en la derrota de Ciudad de Bol\u00edvar<\/strong> 1 a 0 sobre Juventud Unida, <strong>ni tampoco Agust\u00edn Osinaga<\/strong> en el triunfo 4 a 2 de Douglas Haig contra Uni\u00f3n de Sunchales.<\/p>\n<p>&nbsp;<\/p>\n<p><em><strong>Foto: Mauro Pi\u00f1ero Fotograf\u00eda.<\/strong><\/em><\/p>\n","protected":false},"excerpt":{"rendered":"<p>El delantero olavarriense convirti\u00f3 el tanto de la victoria frente a Cipolletti en el marco de la 32\u00b0 fecha del<\/p>\n","protected":false},"author":96739694,"featured_media":157821,"comment_status":"closed","ping_status":"closed","sticky":false,"template":"","format":"standard","meta":{"_jetpack_memberships_contains_paid_content":false,"footnotes":""},"categories":[37,1],"tags":[],"class_list":["post-137632","post","type-post","status-publish","format-standard","has-post-thumbnail","hentry","category-futbol-profesional","category-portada"],"jetpack_featured_media_url":"https:\/\/i0.wp.com\/cdnoticias.com\/wp-content\/uploads\/2023\/09\/Quimey-Marin-Santamarina-vs-Cipolletti.jpg?fit=1200%2C802&ssl=1","jetpack_sharing_enabled":true,"_links":{"self":[{"href":"https:\/\/cdnoticias.com\/index.php\/wp-json\/wp\/v2\/posts\/137632","targetHints":{"allow":["GET"]}}],"collection":[{"href":"https:\/\/cdnoticias.com\/index.php\/wp-json\/wp\/v2\/posts"}],"about":[{"href":"https:\/\/cdnoticias.com\/index.php\/wp-json\/wp\/v2\/types\/post"}],"author":[{"embeddable":true,"href":"https:\/\/cdnoticias.com\/index.php\/wp-json\/wp\/v2\/users\/96739694"}],"replies":[{"embeddable":true,"href":"https:\/\/cdnoticias.com\/index.php\/wp-json\/wp\/v2\/comments?post=137632"}],"version-history":[{"count":0,"href":"https:\/\/cdnoticias.com\/index.php\/wp-json\/wp\/v2\/posts\/137632\/revisions"}],"wp:featuredmedia":[{"embeddable":true,"href":"https:\/\/cdnoticias.com\/index.php\/wp-json\/wp\/v2\/media\/157821"}],"wp:attachment":[{"href":"https:\/\/cdnoticias.com\/index.php\/wp-json\/wp\/v2\/media?parent=137632"}],"wp:term":[{"taxonomy":"category","embeddable":true,"href":"https:\/\/cdnoticias.com\/index.php\/wp-json\/wp\/v2\/categories?post=137632"},{"taxonomy":"post_tag","embeddable":true,"href":"https:\/\/cdnoticias.com\/index.php\/wp-json\/wp\/v2\/tags?post=137632"}],"curies":[{"name":"wp","href":"https:\/\/api.w.org\/{rel}","templated":true}]}}