{"id":137628,"date":"2023-09-26T14:59:24","date_gmt":"2023-09-26T17:59:24","guid":{"rendered":"https:\/\/centraldeportes.com.ar\/?p=42627"},"modified":"2025-02-12T21:58:24","modified_gmt":"2025-02-13T00:58:24","slug":"se-abrio-la-undecima-fecha-del-circuito-olavarriense-de-padel","status":"publish","type":"post","link":"https:\/\/cdnoticias.com\/index.php\/2023\/09\/26\/se-abrio-la-undecima-fecha-del-circuito-olavarriense-de-padel\/","title":{"rendered":"Se abri\u00f3 la und\u00e9cima fecha del circuito olavarriense de p\u00e1del"},"content":{"rendered":"<p>El pasado fin de semana se desarroll\u00f3 una nueva ronda del calendario anual de la Asociaci\u00f3n Civil Olarriense de P\u00e1del para las categor\u00edas Pares. Tomaron parte de la actividad 119 parejas distribuidas en seis categor\u00edas.<!--more--><\/p>\n<hr \/>\n<p>Seis categor\u00edas en seis complejos le dieron continuidad a la competencia anual y en Segunda Caballeros, Leonardo Silveri y el juvenil Mateo Conte se consagraron campeones tras imponerse en la definici\u00f3n a Marcos Silveri y \u00c1lvaro Mendiberry 6\/2 y 6\/2.<\/p>\n<p>&nbsp;<\/p>\n<p>Manuel Zulaica y Rodrigo Peralta fueron los mejores en Cuarta Caballeros luego de vencer en la final a Luciano Vena y Francisco Ciappina por 3\/6, 6\/4 y 6\/4.<\/p>\n<p>&nbsp;<\/p>\n<p>&nbsp;<\/p>\n<p>Sexta Caballeros coron\u00f3 a la dupla compuesta por Andr\u00e9s Gonzales y Alejandro Pi\u00f1eiro. Los campeones derrotaron en sets corridos a Francisco Iriarte y Jonatan Buch\u00e9 por 6\/2 y 6\/3. Por su parte en Damas festej\u00f3 la pareja integrada por Yanela Sordelli y Melina Bustos, quienes en la final derrotaron a Jazm\u00edn Dos Santos y M\u00eda Irazabal 6\/3 y 6\/4.<\/p>\n<p>&nbsp;<\/p>\n<p>&nbsp;<\/p>\n<p>S\u00e9ptima B Caballeros entreg\u00f3 el t\u00edtulo a Federico Salvatierra y Samuel Romero. Los ganadores de la divisional vencieron en dos sets, 6\/3 y 6\/3, a Alejandro Tognana y H\u00e9ctor Camacho. Mientras que en Damas las campeonas fueron Manuela Pellejero y Alejandra G\u00f3mez, quienes en un partido re\u00f1ido vencieron a Rosana Orlando y Silvana Moriones por 6\/2, 5\/7 y 6\/3.<\/p>\n<p>&nbsp;<\/p>\n\n<p>&nbsp;<\/p>\n<p>La actividad del p\u00e1del local continuar\u00e1 el pr\u00f3ximo fin de semana con la und\u00e9cima fecha para las categor\u00edas impares: Tercera Caballeros (Club de Amigos), Tercera y Cuarta Damas (Sport Arena) Quinta Caballeros (El Triunfo) Quinta Damas (Chingoland), S\u00e9ptima Damas (Las Terrazzas) y S\u00e9ptima Caballeros (Padel Time).<\/p>\n<p>&nbsp;<\/p>\n","protected":false},"excerpt":{"rendered":"<p>El pasado fin de semana se desarroll\u00f3 una nueva ronda del calendario anual de la Asociaci\u00f3n Civil Olarriense de P\u00e1del<\/p>\n","protected":false},"author":96739694,"featured_media":157828,"comment_status":"closed","ping_status":"closed","sticky":false,"template":"","format":"standard","meta":{"_jetpack_memberships_contains_paid_content":false,"footnotes":""},"categories":[1,55],"tags":[],"class_list":["post-137628","post","type-post","status-publish","format-standard","has-post-thumbnail","hentry","category-portada","category-tenis-padel"],"jetpack_featured_media_url":"https:\/\/i0.wp.com\/cdnoticias.com\/wp-content\/uploads\/2023\/09\/IMG-20230926-WA0000-e1695751108805.jpg?fit=1344%2C888&ssl=1","jetpack_sharing_enabled":true,"_links":{"self":[{"href":"https:\/\/cdnoticias.com\/index.php\/wp-json\/wp\/v2\/posts\/137628","targetHints":{"allow":["GET"]}}],"collection":[{"href":"https:\/\/cdnoticias.com\/index.php\/wp-json\/wp\/v2\/posts"}],"about":[{"href":"https:\/\/cdnoticias.com\/index.php\/wp-json\/wp\/v2\/types\/post"}],"author":[{"embeddable":true,"href":"https:\/\/cdnoticias.com\/index.php\/wp-json\/wp\/v2\/users\/96739694"}],"replies":[{"embeddable":true,"href":"https:\/\/cdnoticias.com\/index.php\/wp-json\/wp\/v2\/comments?post=137628"}],"version-history":[{"count":0,"href":"https:\/\/cdnoticias.com\/index.php\/wp-json\/wp\/v2\/posts\/137628\/revisions"}],"wp:featuredmedia":[{"embeddable":true,"href":"https:\/\/cdnoticias.com\/index.php\/wp-json\/wp\/v2\/media\/157828"}],"wp:attachment":[{"href":"https:\/\/cdnoticias.com\/index.php\/wp-json\/wp\/v2\/media?parent=137628"}],"wp:term":[{"taxonomy":"category","embeddable":true,"href":"https:\/\/cdnoticias.com\/index.php\/wp-json\/wp\/v2\/categories?post=137628"},{"taxonomy":"post_tag","embeddable":true,"href":"https:\/\/cdnoticias.com\/index.php\/wp-json\/wp\/v2\/tags?post=137628"}],"curies":[{"name":"wp","href":"https:\/\/api.w.org\/{rel}","templated":true}]}}