{"id":137626,"date":"2023-09-26T00:07:47","date_gmt":"2023-09-26T03:07:47","guid":{"rendered":"https:\/\/centraldeportes.com.ar\/?p=42607"},"modified":"2023-09-26T00:07:47","modified_gmt":"2023-09-26T03:07:47","slug":"dardo-seibel-es-nuevo-entrenador-de-las-selecciones-juveniles-de-olavarria-2","status":"publish","type":"post","link":"https:\/\/cdnoticias.com\/index.php\/2023\/09\/26\/dardo-seibel-es-nuevo-entrenador-de-las-selecciones-juveniles-de-olavarria-2\/","title":{"rendered":"Dardo Seibel es nuevo entrenador de las Selecciones Juveniles de Olavarr\u00eda"},"content":{"rendered":"\n<div class=\"wp-block-group is-layout-constrained wp-block-group-is-layout-constrained\">\n<p>Este lunes por la noche, junto a su equipo de trabajo, fue presentado oficialmente en la sala principal de la Liga de F\u00fatbol de Olavarr\u00eda. Adem\u00e1s, se comunic\u00f3 que las primeras convocatorias iniciar\u00e1n en octubre pr\u00f3ximo.<!--more--><\/p>\n<hr \/>\n<p>Un nuevo proyecto pensado para las divisiones juveniles, espec\u00edficamente para<strong> Sub 13 y Sub 15<\/strong>, comenz\u00f3 a tomar forma este lunes por la noche con la presentaci\u00f3n oficial de <strong>Dardo Seibel como flamante entrenador de Selecciones para ambas categor\u00edas<\/strong>.<\/p>\n<p>\u00a0<\/p>\n<p>La reuni\u00f3n, a modo de conferencia, se llev\u00f3 adelante en la sala principal de la sede liguista y adem\u00e1s del ex Coordinador del Club Estudiantes, estuvo encabezada por <strong>Pablo Palahy<\/strong>, presidente de la Liga de F\u00fatbol; <strong>Juan Agust\u00edn Galli<\/strong>, Subsecretario de Deportes y Recreaci\u00f3n del Municipio, <strong>Ricardo Hoffmann y Gustavo Sierra<\/strong> como colaboradores del proyecto.<\/p>\n<p>\u00a0<\/p>\n<p>El encargado de abrir la presentaci\u00f3n fue el m\u00e1ximo dirigente de la LFO: \u201c<em><strong>Se dio la chance este nuevo a\u00f1o con gente que se va a sumar al proyecto encabezado por Dardo<\/strong> como Ricardo, que es una persona que tiene much\u00edsimo para darle al f\u00fatbol y Gustavo Sierra, que estar\u00e1 colaborando y sponsoreando este desaf\u00edo de Selecci\u00f3n<\/em>\u201d, ratific\u00f3.<\/p>\n<p>\u00a0<\/p>\n<p>Posteriormente, Seibel tom\u00f3 la palabra, agradeci\u00f3 a los dirigentes de la Liga, a los clubes y delegados y luego afirm\u00f3: \u201c<strong><em>Es un privilegio para m\u00ed estar asumiendo como entrenador de Selecciones Juveniles. Ser\u00e1 un proceso de formaci\u00f3n de como m\u00ednimo tres a\u00f1os donde hoy est\u00e1n involucrados los Sub 13 y Sub 15<\/em><\/strong>\u201d.<\/p>\n<p>\u00a0<\/p>\n<p>[soliloquy id=&#8221;42608&#8243;]<\/p>\n<p>\u00a0<\/p>\n<p>En su equipo de trabajo lo acompa\u00f1ar\u00e1n <strong>Marcos Valderrey<\/strong> como asistente t\u00e9cnico, <strong>\u00c1ngel Bosaleh<\/strong> ser\u00e1 el preparador f\u00edsico, <strong>Gustavo Jalil<\/strong> el entrenador de arqueros y <strong>Julio C\u00e1ceres<\/strong> como utilero.<\/p>\n<p>\u00a0<\/p>\n<blockquote>\n<p>\u201cSer\u00e1 un gran desaf\u00edo para la Liga y para nosotros, nunca se hizo algo as\u00ed de anexar agentes externos, Liga de F\u00fatbol y Municipio. Tiene un valor agregado tremendo\u201d<\/p>\n<\/blockquote>\n<p>\u00a0<\/p>\n<p>Por su parte, Juan Agust\u00edn Galli tambi\u00e9n brind\u00f3 su punto de vista al respecto y cont\u00f3 que \u201c<strong><em>se est\u00e1 haciendo un trabajo muy bueno en el f\u00fatbol<\/em><\/strong>\u201d y a su vez alent\u00f3 a que \u00e9ste \u201c<strong><em>ser\u00e1 un proyecto motivador para los chicos y los invitar\u00e1 a un esfuerzo mayor<\/em><\/strong>\u201d.<\/p>\n<p>\u00a0<\/p>\n<p>En el recorrido de la mesa lleg\u00f3 el turno de Ricardo Hoffmann, reconocido tambi\u00e9n en el ambiente del f\u00fatbol local: \u201c<em><strong>Esto es un complemento al gran trabajo que hacen los clubes todos los d\u00edas en Inferiores<\/strong>. Con Gustavo \u2013 Sierra \u2013 trataremos de dar una mano para consolidar el grupo de trabajo<\/em>\u201d, sostuvo.<\/p>\n<p>\u00a0<\/p>\n<p>Asimismo, <strong>se inform\u00f3 que las convocatorias van a ser generalmente los martes, siendo el primero el pr\u00f3ximo 2 y 3 de octubre<\/strong>: \u201c<em>Lo m\u00e1s reciente en objetivos ser\u00e1 la competencia y a partir del a\u00f1o que viene sumar aprendizaje, buscar a los destacados de Olavarr\u00eda y tener la posibilidad de llevarlos a Buenos Aires<\/em>\u201d, manifest\u00f3 posteriormente Seibel y luego finaliz\u00f3: \u201c<strong><em>Nuestra intenci\u00f3n como proyecto es que el jugador tenga sentido de pertenencia cuando represente a la ciudad con la Selecci\u00f3n<\/em><\/strong>\u201d.<\/p>\n<\/div>\n","protected":false},"excerpt":{"rendered":"<p>Este lunes por la noche, junto a su equipo de trabajo, fue presentado oficialmente en la sala principal de la<\/p>\n","protected":false},"author":96739695,"featured_media":42615,"comment_status":"closed","ping_status":"closed","sticky":false,"template":"","format":"standard","meta":{"_jetpack_memberships_contains_paid_content":false,"footnotes":""},"categories":[35,40,1],"tags":[],"class_list":["post-137626","post","type-post","status-publish","format-standard","has-post-thumbnail","hentry","category-futbol","category-inferiores","category-portada"],"jetpack_featured_media_url":"","jetpack_sharing_enabled":true,"_links":{"self":[{"href":"https:\/\/cdnoticias.com\/index.php\/wp-json\/wp\/v2\/posts\/137626","targetHints":{"allow":["GET"]}}],"collection":[{"href":"https:\/\/cdnoticias.com\/index.php\/wp-json\/wp\/v2\/posts"}],"about":[{"href":"https:\/\/cdnoticias.com\/index.php\/wp-json\/wp\/v2\/types\/post"}],"author":[{"embeddable":true,"href":"https:\/\/cdnoticias.com\/index.php\/wp-json\/wp\/v2\/users\/96739695"}],"replies":[{"embeddable":true,"href":"https:\/\/cdnoticias.com\/index.php\/wp-json\/wp\/v2\/comments?post=137626"}],"version-history":[{"count":0,"href":"https:\/\/cdnoticias.com\/index.php\/wp-json\/wp\/v2\/posts\/137626\/revisions"}],"wp:featuredmedia":[{"embeddable":true,"href":"https:\/\/cdnoticias.com\/index.php\/wp-json\/wp\/v2\/posts\/42615"}],"wp:attachment":[{"href":"https:\/\/cdnoticias.com\/index.php\/wp-json\/wp\/v2\/media?parent=137626"}],"wp:term":[{"taxonomy":"category","embeddable":true,"href":"https:\/\/cdnoticias.com\/index.php\/wp-json\/wp\/v2\/categories?post=137626"},{"taxonomy":"post_tag","embeddable":true,"href":"https:\/\/cdnoticias.com\/index.php\/wp-json\/wp\/v2\/tags?post=137626"}],"curies":[{"name":"wp","href":"https:\/\/api.w.org\/{rel}","templated":true}]}}