{"id":137620,"date":"2023-09-25T17:22:31","date_gmt":"2023-09-25T20:22:31","guid":{"rendered":"https:\/\/centraldeportes.com.ar\/?p=42561"},"modified":"2025-02-12T21:54:35","modified_gmt":"2025-02-13T00:54:35","slug":"landaburu-y-aramburu-en-el-podio-de-una-correcaminata","status":"publish","type":"post","link":"https:\/\/cdnoticias.com\/index.php\/2023\/09\/25\/landaburu-y-aramburu-en-el-podio-de-una-correcaminata\/","title":{"rendered":"Landaburu y Aramburu, en el podio de una correcaminata"},"content":{"rendered":"<p>Durante el mediod\u00eda del pasado domingo, se llev\u00f3 a cabo una se llev\u00f3 a cabo una tradicional correcaminata organizada por la Agrupaci\u00f3n Celeste y Blanca y en el Top5, se ubicaron Leonardo Landaburu y Manuel Aramburu.<!--more--><\/p>\n<hr \/>\n<p>La 23\u00b0 edici\u00f3n de la Correcaminata \u201cCeleste y Blanca\u201d en homenaje a Liliana Segura y Juanita Montero se llev\u00f3 a cabo sobre una distancia de 6 kil\u00f3metros y tuvo una buena actuaci\u00f3n olavarriense.<\/p>\n<p>&nbsp;<\/p>\n<p>\u201cLeo\u201d Landaburu se ubic\u00f3 cuarto en la general y gan\u00f3 su categor\u00eda y Manuel Aramburu complet\u00f3 el Top5, detr\u00e1s de Guillermo Funaro ganador de la prueba, Ance y Urrutia.<\/p>\n","protected":false},"excerpt":{"rendered":"<p>Durante el mediod\u00eda del pasado domingo, se llev\u00f3 a cabo una se llev\u00f3 a cabo una tradicional correcaminata organizada por<\/p>\n","protected":false},"author":96739694,"featured_media":157706,"comment_status":"closed","ping_status":"closed","sticky":false,"template":"","format":"standard","meta":{"_jetpack_memberships_contains_paid_content":false,"footnotes":""},"categories":[38,1],"tags":[],"class_list":["post-137620","post","type-post","status-publish","format-standard","has-post-thumbnail","hentry","category-pedestrismo","category-portada"],"jetpack_featured_media_url":"https:\/\/i0.wp.com\/cdnoticias.com\/wp-content\/uploads\/2023\/09\/WhatsApp-Image-2023-09-25-at-14.55.30.jpeg?fit=1599%2C899&ssl=1","jetpack_sharing_enabled":true,"_links":{"self":[{"href":"https:\/\/cdnoticias.com\/index.php\/wp-json\/wp\/v2\/posts\/137620","targetHints":{"allow":["GET"]}}],"collection":[{"href":"https:\/\/cdnoticias.com\/index.php\/wp-json\/wp\/v2\/posts"}],"about":[{"href":"https:\/\/cdnoticias.com\/index.php\/wp-json\/wp\/v2\/types\/post"}],"author":[{"embeddable":true,"href":"https:\/\/cdnoticias.com\/index.php\/wp-json\/wp\/v2\/users\/96739694"}],"replies":[{"embeddable":true,"href":"https:\/\/cdnoticias.com\/index.php\/wp-json\/wp\/v2\/comments?post=137620"}],"version-history":[{"count":0,"href":"https:\/\/cdnoticias.com\/index.php\/wp-json\/wp\/v2\/posts\/137620\/revisions"}],"wp:featuredmedia":[{"embeddable":true,"href":"https:\/\/cdnoticias.com\/index.php\/wp-json\/wp\/v2\/media\/157706"}],"wp:attachment":[{"href":"https:\/\/cdnoticias.com\/index.php\/wp-json\/wp\/v2\/media?parent=137620"}],"wp:term":[{"taxonomy":"category","embeddable":true,"href":"https:\/\/cdnoticias.com\/index.php\/wp-json\/wp\/v2\/categories?post=137620"},{"taxonomy":"post_tag","embeddable":true,"href":"https:\/\/cdnoticias.com\/index.php\/wp-json\/wp\/v2\/tags?post=137620"}],"curies":[{"name":"wp","href":"https:\/\/api.w.org\/{rel}","templated":true}]}}