{"id":137619,"date":"2023-09-25T15:03:06","date_gmt":"2023-09-25T18:03:06","guid":{"rendered":"https:\/\/centraldeportes.com.ar\/?p=42558"},"modified":"2025-02-12T21:54:37","modified_gmt":"2025-02-13T00:54:37","slug":"colonias-y-cerros-la-pelota-no-deja-de-rodar","status":"publish","type":"post","link":"https:\/\/cdnoticias.com\/index.php\/2023\/09\/25\/colonias-y-cerros-la-pelota-no-deja-de-rodar\/","title":{"rendered":"Colonias y Cerros: la pelota no deja de rodar"},"content":{"rendered":"\n<div class=\"wp-block-group is-layout-constrained wp-block-group-is-layout-constrained\">\n<p>Colonias y Cerros prosigui\u00f3 con su actividad para todas las categor\u00edas en el transcurso del fin de semana. El Fort\u00edn recibi\u00f3 la Copa en la categor\u00eda +35 de Veteranos.<!--more--><\/p>\n<hr \/>\n<p>La categor\u00eda m\u00e1s convocante del f\u00fatbol amateur olavarriense complet\u00f3 una nueva jornada para sus tres franjas etarias.<\/p>\n<p>\u00a0<\/p>\n<p>En las dos Zonas de la categor\u00eda Libre se jug\u00f3 la segunda fecha del Torneo Clausura al igual que el S\u00faper Senior que jug\u00f3 la continuidad del segundo torneo del a\u00f1o.<\/p>\n<p>\u00a0<\/p>\n<p>Por su parte, en +35, sigui\u00f3 el Torneo Apertura que ya consagr\u00f3 a El Fort\u00edn que en el transcurso del s\u00e1bado recibi\u00f3 la copa de campe\u00f3n en el homenaje a \u201cCufa Ancarani\u201d.<\/p>\n<p>\u00a0<\/p>\n<ul>\n<li>\n<h6><strong>Los resultados:<\/strong><\/h6>\n<\/li>\n<\/ul>\n<p>\u00a0<\/p>\n<h6>Libre<\/h6>\n<p><strong>Zona 1<\/strong><br \/>La Estancia <strong>1 \u2013 1<\/strong> Ferroviario<\/p>\n<p>Paso a Paso <strong>1 \u2013 1<\/strong> Bataraz<\/p>\n<p>Sierra Chica <strong>2 \u2013 0<\/strong> Escuela N\u00b06<\/p>\n<p>Provincias Unidas <strong>0 \u2013 1<\/strong> Amparo Castro<\/p>\n<p>Nicol\u00e1s Avellaneda <strong>2 \u2013 0<\/strong> Santa Isabel<\/p>\n<p>\u00a0<\/p>\n<p><strong>Zona 2<\/strong><\/p>\n<p>La Churra <strong>3 \u2013 1<\/strong> Atlanta<\/p>\n<p>Riff <strong>1 \u2013 0<\/strong> Luz y Fuerza<\/p>\n<p>Santa Agueda <strong>0 \u2013 0<\/strong> Mariano Moreno<\/p>\n<p>Villa Mi Serran\u00eda <strong>0 \u2013 1<\/strong> Burbuja 78<\/p>\n<p>Loma Negra <strong>2 \u2013 2<\/strong> Juvenil 79<\/p>\n<p>\u00a0<\/p>\n<ul>\n<li>\n<h6><strong>Veteranos<\/strong><\/h6>\n<\/li>\n<\/ul>\n<p>\u00a0<\/p>\n<p><strong>+35:<\/strong><\/p>\n<p>Mariano Moreno <strong>2 \u2013 0<\/strong> Hausewagen<\/p>\n<p>Amparo Castro <strong>1 \u2013 4<\/strong> Dale que Va<\/p>\n<p>Hinojo <strong>0 \u2013 2<\/strong> Chacarita<\/p>\n<p>Municipales <strong>1 \u2013 2<\/strong> Independiente Colonia San Miguel<\/p>\n<p>El Fort\u00edn <strong>10 \u2013 1<\/strong> La Academia<\/p>\n<p>Agro San Jos\u00e9 <strong>1 \u2013 1<\/strong> Racing<\/p>\n<p>Club de Amigos <strong>1 \u2013 1<\/strong> Santa Agueda<\/p>\n<p>\u00a0<\/p>\n<p><strong>S\u00faper S\u00e9nior:<\/strong><\/p>\n<p>Ferroviario <strong>4 \u2013 0<\/strong> Mariano Moreno<\/p>\n<p>Ferrosur <strong>2 \u2013 2<\/strong> Sierra Chica<\/p>\n<p>Ferro <strong>3 \u2013 1<\/strong> La Tradici\u00f3n<\/p>\n<\/div>\n","protected":false},"excerpt":{"rendered":"<p>Colonias y Cerros prosigui\u00f3 con su actividad para todas las categor\u00edas en el transcurso del fin de semana. El Fort\u00edn<\/p>\n","protected":false},"author":96739694,"featured_media":157708,"comment_status":"closed","ping_status":"closed","sticky":false,"template":"","format":"standard","meta":{"_jetpack_memberships_contains_paid_content":false,"footnotes":""},"categories":[45,35,1],"tags":[],"class_list":["post-137619","post","type-post","status-publish","format-standard","has-post-thumbnail","hentry","category-colonias-y-cerros","category-futbol","category-portada"],"jetpack_featured_media_url":"https:\/\/i0.wp.com\/cdnoticias.com\/wp-content\/uploads\/2023\/09\/383780170_794982259294505_5758974228744988931_n-e1695664978701.jpg?fit=1066%2C602&ssl=1","jetpack_sharing_enabled":true,"_links":{"self":[{"href":"https:\/\/cdnoticias.com\/index.php\/wp-json\/wp\/v2\/posts\/137619","targetHints":{"allow":["GET"]}}],"collection":[{"href":"https:\/\/cdnoticias.com\/index.php\/wp-json\/wp\/v2\/posts"}],"about":[{"href":"https:\/\/cdnoticias.com\/index.php\/wp-json\/wp\/v2\/types\/post"}],"author":[{"embeddable":true,"href":"https:\/\/cdnoticias.com\/index.php\/wp-json\/wp\/v2\/users\/96739694"}],"replies":[{"embeddable":true,"href":"https:\/\/cdnoticias.com\/index.php\/wp-json\/wp\/v2\/comments?post=137619"}],"version-history":[{"count":0,"href":"https:\/\/cdnoticias.com\/index.php\/wp-json\/wp\/v2\/posts\/137619\/revisions"}],"wp:featuredmedia":[{"embeddable":true,"href":"https:\/\/cdnoticias.com\/index.php\/wp-json\/wp\/v2\/media\/157708"}],"wp:attachment":[{"href":"https:\/\/cdnoticias.com\/index.php\/wp-json\/wp\/v2\/media?parent=137619"}],"wp:term":[{"taxonomy":"category","embeddable":true,"href":"https:\/\/cdnoticias.com\/index.php\/wp-json\/wp\/v2\/categories?post=137619"},{"taxonomy":"post_tag","embeddable":true,"href":"https:\/\/cdnoticias.com\/index.php\/wp-json\/wp\/v2\/tags?post=137619"}],"curies":[{"name":"wp","href":"https:\/\/api.w.org\/{rel}","templated":true}]}}