{"id":137618,"date":"2023-09-25T02:02:57","date_gmt":"2023-09-25T05:02:57","guid":{"rendered":"https:\/\/centraldeportes.com.ar\/?p=42551"},"modified":"2025-02-12T21:54:38","modified_gmt":"2025-02-13T00:54:38","slug":"en-la-jornada-de-clasicos-el-fortin-y-racing-quedaron-como-unicos-punteros","status":"publish","type":"post","link":"https:\/\/cdnoticias.com\/index.php\/2023\/09\/25\/en-la-jornada-de-clasicos-el-fortin-y-racing-quedaron-como-unicos-punteros\/","title":{"rendered":"En la jornada de cl\u00e1sicos, El Fort\u00edn y Racing quedaron como \u00fanicos punteros"},"content":{"rendered":"<p>Este domingo por la tarde, los doce representantes de la LFO disputaron de manera completa la 6\u00b0 fecha del Torneo Oficial que tuvo en agenda tres duelos con mucha rivalidad.<!--more--><\/p>\n<hr \/>\n<p>Con resultados equitativos a lo largo de la jornada (<strong>dos festejos locales, dos empates y dos victorias visitantes<\/strong>), este domingo por la tarde se jug\u00f3 \u00edntegramente la <strong>6\u00b0 cita del Torneo Oficial<\/strong> de Primera Divisi\u00f3n y Reserva y de los seis partidos en cartelera, tres fueron cl\u00e1sicos.<\/p>\n<p>&nbsp;<\/p>\n<p>Por un lado, en el Pedro Iriart Legorburu, <strong>Sierra Chica<\/strong> e <strong>Hinojo<\/strong> quedaron a mano en el cl\u00e1sico m\u00e1s convocante, mientras que en el Cl\u00e1sico del Riel, <strong>El Fort\u00edn<\/strong> venci\u00f3 a <strong>Ferro<\/strong> y escal\u00f3 a lo m\u00e1s alto de la tabla.<\/p>\n<p>&nbsp;<\/p>\n<p>[soliloquy id=&#8221;42505&#8243;]<\/p>\n<p>&nbsp;<\/p>\n<p>En paralelo, <strong>San Mart\u00edn<\/strong> se hizo fuerte en la Villa Alfredo Fortabat y se qued\u00f3 con el Cl\u00e1sico de las Sierras luego de imponerse ante <strong>Loma Negra<\/strong>. Adem\u00e1s, <strong>Municipales<\/strong> y <strong>Estudiantes<\/strong> repartieron puntos, <strong>Espigas<\/strong> hizo lo propio contra <strong>Luj\u00e1n<\/strong> y sac\u00f3 su segunda victoria consecutiva y en el Buglione Martinese, <strong>Racing<\/strong> derrot\u00f3 a <strong>Embajadores<\/strong> en la \u00faltima del partido, le quit\u00f3 el invicto y tambi\u00e9n ascendi\u00f3 al primer puesto del campeonato.<\/p>\n<p>&nbsp;<\/p>\n<p><strong>En Reserva<\/strong>, el equipo del sindicato baj\u00f3 al \u201cBataraz\u201d, que solo ven\u00eda cosechando victorias y no ten\u00eda goles en contra. Asimismo, con la victoria conseguida<strong>, el elenco \u201cFortinero\u201d pas\u00f3 a ser el nuevo puntero del certamen<\/strong>. A su vez, en relaci\u00f3n a los cl\u00e1sicos, hubo goleada de Sierra Chica y festejo para el \u201cLe\u00f3n\u201d.<\/p>\n<p>&nbsp;<\/p>\n<p>[soliloquy id=&#8221;42501&#8243;]<\/p>\n<p>&nbsp;<\/p>\n<ul>\n<li>\n<h6><strong>Resultados:<\/strong><\/h6>\n<\/li>\n<\/ul>\n<p>&nbsp;<\/p>\n<h6>Primera Divisi\u00f3n<\/h6>\n<p>&nbsp;<\/p>\n<p><strong>Luj\u00e1n 0 \u2013 2 Espigas<\/strong> (Mat\u00edas M\u00f3naco y Jes\u00fas Pal)<\/p>\n<p><strong>Racing<\/strong> (Pablo Mujica y Mat\u00edas Ordozgoiti)<strong> 2 \u2013 1 Embajadores<\/strong> (Alejo Di Carlo)<\/p>\n<p><a href=\"https:\/\/cdnoticias.com\/el-clasico-mas-convocante-termino-en-tablas\/\"><strong>Sierra Chica<\/strong> (Nazareno Guti\u00e9rrez) <strong>1 \u2013 1 Hinojo<\/strong> (Tob\u00edas Dom\u00ednguez)<\/a><\/p>\n<p><strong>Municipales<\/strong> (Alan P\u00e9rez) <strong>1 \u2013 1 Estudiantes<\/strong> (Lautaro Crivelli)<\/p>\n<p><strong>Loma Negra 0 \u2013 1 San Mart\u00edn<\/strong> (Leonardo Sampaoli)<\/p>\n<p><strong>El Fort\u00edn<\/strong> (Marcos Bonavetti y Leonardo Benito) <strong>2 \u2013 1 Ferro Carril Sud<\/strong> (Juan Manuel Ponce)<\/p>\n<p>&nbsp;<\/p>\n<p><img data-recalc-dims=\"1\" loading=\"lazy\" decoding=\"async\" class=\"aligncenter size-full wp-image-42552\" src=\"https:\/\/i0.wp.com\/cdnoticias.com\/wp-content\/uploads\/2023\/09\/Posiciones-6%C2%B0-Fecha-Primera.png?resize=784%2C571&#038;ssl=1\" alt=\"\" width=\"784\" height=\"571\" \/><\/p>\n<p>&nbsp;<\/p>\n<h6>Reserva<\/h6>\n<p>&nbsp;<\/p>\n<p>Luj\u00e1n <strong>4 \u2013 3<\/strong> Espigas<\/p>\n<p>Racing <strong>1 \u2013 0<\/strong> Embajadores<\/p>\n<p>Sierra Chica <strong>7 \u2013 0<\/strong> Hinojo<\/p>\n<p>Municipales <strong>1 \u2013 0<\/strong> Estudiantes<\/p>\n<p>Loma Negra <strong>1 \u2013 2<\/strong> San Mart\u00edn<\/p>\n<p>El Fort\u00edn <strong>2 \u2013 0<\/strong> Ferro Carril Sud<\/p>\n<p>&nbsp;<\/p>\n<p><img data-recalc-dims=\"1\" loading=\"lazy\" decoding=\"async\" class=\"aligncenter size-full wp-image-42553\" src=\"https:\/\/i0.wp.com\/cdnoticias.com\/wp-content\/uploads\/2023\/09\/Posiciones-6%C2%B0-fecha-Reserva.png?resize=783%2C569&#038;ssl=1\" alt=\"\" width=\"783\" height=\"569\" \/><\/p>\n<hr \/>\n<ul>\n<li>\n<h6><strong>Pr\u00f3xima fecha (7\u00b0):\u00a0<\/strong><\/h6>\n<\/li>\n<\/ul>\n<p><img data-recalc-dims=\"1\" loading=\"lazy\" decoding=\"async\" class=\"aligncenter size-full wp-image-42554\" src=\"https:\/\/i0.wp.com\/cdnoticias.com\/wp-content\/uploads\/2023\/09\/Fecha-7.png?resize=368%2C222&#038;ssl=1\" alt=\"\" width=\"368\" height=\"222\" \/><\/p>\n","protected":false},"excerpt":{"rendered":"<p>Este domingo por la tarde, los doce representantes de la LFO disputaron de manera completa la 6\u00b0 fecha del Torneo<\/p>\n","protected":false},"author":96739694,"featured_media":157714,"comment_status":"closed","ping_status":"closed","sticky":false,"template":"","format":"standard","meta":{"_jetpack_memberships_contains_paid_content":false,"footnotes":""},"categories":[35,1,41],"tags":[],"class_list":["post-137618","post","type-post","status-publish","format-standard","has-post-thumbnail","hentry","category-futbol","category-portada","category-primera-y-reserva"],"jetpack_featured_media_url":"https:\/\/i0.wp.com\/cdnoticias.com\/wp-content\/uploads\/2023\/09\/fortin-ferro-3.jpeg?fit=1040%2C694&ssl=1","jetpack_sharing_enabled":true,"_links":{"self":[{"href":"https:\/\/cdnoticias.com\/index.php\/wp-json\/wp\/v2\/posts\/137618","targetHints":{"allow":["GET"]}}],"collection":[{"href":"https:\/\/cdnoticias.com\/index.php\/wp-json\/wp\/v2\/posts"}],"about":[{"href":"https:\/\/cdnoticias.com\/index.php\/wp-json\/wp\/v2\/types\/post"}],"author":[{"embeddable":true,"href":"https:\/\/cdnoticias.com\/index.php\/wp-json\/wp\/v2\/users\/96739694"}],"replies":[{"embeddable":true,"href":"https:\/\/cdnoticias.com\/index.php\/wp-json\/wp\/v2\/comments?post=137618"}],"version-history":[{"count":0,"href":"https:\/\/cdnoticias.com\/index.php\/wp-json\/wp\/v2\/posts\/137618\/revisions"}],"wp:featuredmedia":[{"embeddable":true,"href":"https:\/\/cdnoticias.com\/index.php\/wp-json\/wp\/v2\/media\/157714"}],"wp:attachment":[{"href":"https:\/\/cdnoticias.com\/index.php\/wp-json\/wp\/v2\/media?parent=137618"}],"wp:term":[{"taxonomy":"category","embeddable":true,"href":"https:\/\/cdnoticias.com\/index.php\/wp-json\/wp\/v2\/categories?post=137618"},{"taxonomy":"post_tag","embeddable":true,"href":"https:\/\/cdnoticias.com\/index.php\/wp-json\/wp\/v2\/tags?post=137618"}],"curies":[{"name":"wp","href":"https:\/\/api.w.org\/{rel}","templated":true}]}}