{"id":137607,"date":"2023-09-23T17:36:56","date_gmt":"2023-09-23T20:36:56","guid":{"rendered":"https:\/\/centraldeportes.com.ar\/?p=42409"},"modified":"2025-02-12T21:55:04","modified_gmt":"2025-02-13T00:55:04","slug":"por-los-superpibes-chingotto-y-navarro-se-quedaron-sin-la-final","status":"publish","type":"post","link":"https:\/\/cdnoticias.com\/index.php\/2023\/09\/23\/por-los-superpibes-chingotto-y-navarro-se-quedaron-sin-la-final\/","title":{"rendered":"Por \u201cLos Superpibes\u201d, Chingotto y Navarro se quedaron sin la final"},"content":{"rendered":"<p>El olavarriense y el sevillano se despidieron del M\u00e1ster de Madrid tras caer en tres sets frente a la dupla Stupaczuk \u2013 Di Nenno. Lo pr\u00f3ximo para \u201cFede\u201d, el Open de Alemania.<!--more--><\/p>\n<hr \/>\n<p>Este s\u00e1bado, en la continuidad del certamen madrile\u00f1o, <strong>Federico Chingotto y \u201cPaquito\u201d Navarro<\/strong> no lograron estirar su racha de victorias y <strong>se quedaron al margen de una nueva final<\/strong>, esta vez por el circuito profesional de World Padel Tour.<\/p>\n<p>&nbsp;<\/p>\n<p><strong>\u201cLos Superpibes\u201d fueron el gran desaf\u00edo en semifinales<\/strong> y quienes se midieron ante la pareja del olavarriense y el sevillano en la alfombra central de la Caja M\u00e1gica. Fue durante el segundo turno de la ma\u00f1ana, en un duelo que dur\u00f3 <strong>2 horas y 41 minutos de juego<\/strong>.<\/p>\n<p>&nbsp;<\/p>\n<p>\u201cChingo\u201d y \u201cPaquito\u201d lograron quebrar temprano en el primer cap\u00edtulo y estiraron la diferencia para imponerse <strong>7 \u2013 5<\/strong>. Un arranque parejo en el segundo parcial los puso igualados en tres sets, pero Stupaczuk \u2013 Di Nenno lo fueron rompiendo a su favor para asestar el <strong>7 \u2013 6<\/strong> y luego liquidar las acciones con un contundente <strong>6 \u2013 0<\/strong>.<\/p>\n<p>&nbsp;<\/p>\n<p>Eliminados del M\u00e1ster de Madrid y con necesidad de revancha, <strong>lo pr\u00f3ximo para Chingotto y compa\u00f1\u00eda<\/strong> ser\u00e1 dar\u00e1 la semana entrante con el desarrollo del <strong>Open de Alemania<\/strong>, que se extender\u00e1 hasta el domingo 1\u00b0 de octubre.<\/p>\n<p>&nbsp;<\/p>\n<p><em><strong>Foto: World Padel Tour.<\/strong><\/em><\/p>\n","protected":false},"excerpt":{"rendered":"<p>El olavarriense y el sevillano se despidieron del M\u00e1ster de Madrid tras caer en tres sets frente a la dupla<\/p>\n","protected":false},"author":96739694,"featured_media":157750,"comment_status":"closed","ping_status":"closed","sticky":false,"template":"","format":"standard","meta":{"_jetpack_memberships_contains_paid_content":false,"footnotes":""},"categories":[1,55],"tags":[],"class_list":["post-137607","post","type-post","status-publish","format-standard","has-post-thumbnail","hentry","category-portada","category-tenis-padel"],"jetpack_featured_media_url":"https:\/\/i0.wp.com\/cdnoticias.com\/wp-content\/uploads\/2023\/09\/Chingotto-Master-de-Madrid-semifinales.jpg?fit=1200%2C675&ssl=1","jetpack_sharing_enabled":true,"_links":{"self":[{"href":"https:\/\/cdnoticias.com\/index.php\/wp-json\/wp\/v2\/posts\/137607","targetHints":{"allow":["GET"]}}],"collection":[{"href":"https:\/\/cdnoticias.com\/index.php\/wp-json\/wp\/v2\/posts"}],"about":[{"href":"https:\/\/cdnoticias.com\/index.php\/wp-json\/wp\/v2\/types\/post"}],"author":[{"embeddable":true,"href":"https:\/\/cdnoticias.com\/index.php\/wp-json\/wp\/v2\/users\/96739694"}],"replies":[{"embeddable":true,"href":"https:\/\/cdnoticias.com\/index.php\/wp-json\/wp\/v2\/comments?post=137607"}],"version-history":[{"count":0,"href":"https:\/\/cdnoticias.com\/index.php\/wp-json\/wp\/v2\/posts\/137607\/revisions"}],"wp:featuredmedia":[{"embeddable":true,"href":"https:\/\/cdnoticias.com\/index.php\/wp-json\/wp\/v2\/media\/157750"}],"wp:attachment":[{"href":"https:\/\/cdnoticias.com\/index.php\/wp-json\/wp\/v2\/media?parent=137607"}],"wp:term":[{"taxonomy":"category","embeddable":true,"href":"https:\/\/cdnoticias.com\/index.php\/wp-json\/wp\/v2\/categories?post=137607"},{"taxonomy":"post_tag","embeddable":true,"href":"https:\/\/cdnoticias.com\/index.php\/wp-json\/wp\/v2\/tags?post=137607"}],"curies":[{"name":"wp","href":"https:\/\/api.w.org\/{rel}","templated":true}]}}