{"id":137606,"date":"2023-09-23T16:32:07","date_gmt":"2023-09-23T19:32:07","guid":{"rendered":"https:\/\/centraldeportes.com.ar\/?p=42400"},"modified":"2025-02-12T21:55:06","modified_gmt":"2025-02-13T00:55:06","slug":"bochas-festejo-la-amistad-y-prosiguio-la-actividad-en-trios-caballeros","status":"publish","type":"post","link":"https:\/\/cdnoticias.com\/index.php\/2023\/09\/23\/bochas-festejo-la-amistad-y-prosiguio-la-actividad-en-trios-caballeros\/","title":{"rendered":"Bochas: festej\u00f3 La Amistad y prosigui\u00f3 la actividad en Tr\u00edos Caballeros"},"content":{"rendered":"<p>La agenda boch\u00f3fila local tach\u00f3 del calendario el Torneo Aniversario de la entidad de la calle Dorrego y tres fechas consecutivas del certamen Oficial de Tr\u00edos.<!--more--><\/p>\n<hr \/>\n<p>Las competencias reguladas por la <strong>Asociaci\u00f3n de Bochas de Olavarr\u00eda<\/strong> tuvieron continuidad durante el transcurso de la \u00faltima semana en distintas canchas de la ciudad.<\/p>\n<p>&nbsp;<\/p>\n<p>Por un lado, el Club Social y Deportivo <strong>La Amistad se qued\u00f3 con el trofeo en su Torneo Aniversario<\/strong>, que se disput\u00f3 bajo la modalidad de Tr\u00edos.<\/p>\n<p>&nbsp;<\/p>\n<p>Bajo la misma din\u00e1mica, pero<strong> por el Torneo Oficial, los Caballeros jugaron la 13\u00b0, 14\u00b0 y 15\u00b0 en las dos categor\u00edas<\/strong>. En la principal, Pueblo Nuevo lidera con 11 unidades, mientras que en la preliminar el \u201cLobo\u201d, \u00c1lvaro Barros, El Fort\u00edn y Loma Negra comparten la primera ubicaci\u00f3n.<\/p>\n<p>&nbsp;<\/p>\n<figure id=\"attachment_42403\" aria-describedby=\"caption-attachment-42403\" style=\"width: 800px\" class=\"wp-caption aligncenter\"><img data-recalc-dims=\"1\" loading=\"lazy\" decoding=\"async\" class=\"wp-image-42403 size-large\" src=\"https:\/\/i0.wp.com\/cdnoticias.com\/wp-content\/uploads\/2023\/09\/Bochas-Oficial-de-Trios-AB-vs-LA-e1695497245753-1024x668.jpeg?resize=800%2C522&#038;ssl=1\" alt=\"\" width=\"800\" height=\"522\" \/><figcaption id=\"caption-attachment-42403\" class=\"wp-caption-text\">Cr\u00e9dito: Club \u00c1lvaro Barros<\/figcaption><\/figure>\n<p>&nbsp;<\/p>\n<ul>\n<li>\n<h6><strong>Resultados Oficial de Tr\u00edos Caballeros:<\/strong><\/h6>\n<\/li>\n<\/ul>\n<p>&nbsp;<\/p>\n<h6>Fecha 13 \u2013 Categor\u00eda A:<\/h6>\n<p>Hinojo <strong>7 \u2013 15<\/strong> Pueblo Nuevo<\/p>\n<p>San Mart\u00edn <strong>14 \u2013 15<\/strong> \u00c1lvaro Barros<\/p>\n<p>La Amistad <strong>15 \u2013 9<\/strong> Loma Negra<\/p>\n<p>Sierra Chica <strong>5 \u2013 15<\/strong> El Fort\u00edn<\/p>\n<p>Libre: Fort\u00edn Tradicionalista.<\/p>\n<p>&nbsp;<\/p>\n<h6>Fecha 13 \u2013 Categor\u00eda B:<\/h6>\n<p>Hinojo <strong>7 \u2013 15<\/strong> Pueblo Nuevo<\/p>\n<p>San Mart\u00edn <strong>15 \u2013 8<\/strong> \u00c1lvaro Barros<\/p>\n<p>La Amistad <strong>7 \u2013 15<\/strong> Loma Negra<\/p>\n<p>Sierra Chica <strong>8 \u2013 15<\/strong> El Fort\u00edn<\/p>\n<p>Libre: Fort\u00edn Tradicionalista.<\/p>\n<p>&nbsp;<\/p>\n<h6>Fecha 14 \u2013 Categor\u00eda A:<\/h6>\n<p>Pueblo Nuevo <strong>15 \u2013 7<\/strong> San Mart\u00edn<\/p>\n<p>Loma Negra<strong> 15 \u2013 4<\/strong> Sierra Chica<\/p>\n<p>La Amistad <strong>15 \u2013 3<\/strong> \u00c1lvaro Barros<\/p>\n<p>El Fort\u00edn <strong>15 \u2013 1<\/strong> Fort\u00edn Tradicionalista<\/p>\n<p>Libre: Hinojo.<\/p>\n<p>&nbsp;<\/p>\n<h6>Fecha 14 \u2013 Categor\u00eda B:<\/h6>\n<p>Pueblo Nuevo <strong>15 \u2013 1<\/strong> San Mart\u00edn<\/p>\n<p>Loma Negra <strong>15 \u2013 5<\/strong> Sierra Chica<\/p>\n<p>La Amistad <strong>15 \u2013 12<\/strong> \u00c1lvaro Barros<\/p>\n<p>El Fort\u00edn <strong>15 \u2013 14<\/strong> Fort\u00edn Tradicionalista<\/p>\n<p>Libre: Hinojo.<\/p>\n<p>&nbsp;<\/p>\n<h6>Fecha 15 \u2013 Categor\u00eda A:<\/h6>\n<p>La Amistad <strong>8 \u2013 15<\/strong> Pueblo Nuevo<\/p>\n<p>Sierra Chica <strong>9 \u2013 15<\/strong> \u00c1lvaro Barros<\/p>\n<p>Fort\u00edn Tradicionalista<strong> 15 \u2013<\/strong> <strong>7<\/strong> Loma Negra<\/p>\n<p>San Mart\u00edn <strong>15 \u2013 4<\/strong> Hinojo<\/p>\n<p>Libre: El Fort\u00edn.<\/p>\n<p>&nbsp;<\/p>\n<h6>Fecha 15 \u2013 Categor\u00eda B:<\/h6>\n<p>La Amistad <strong>2 \u2013 15<\/strong> Pueblo Nuevo<\/p>\n<p>Sierra Chica <strong>2 \u2013 15 <\/strong>\u00c1lvaro Barros<\/p>\n<p>Fort\u00edn Tradicionalista <strong>15 \u2013 1<\/strong> Loma Negra<\/p>\n<p>San Mart\u00edn<strong> 15 \u2013 2<\/strong> Hinojo<\/p>\n<p>Libre: El Fort\u00edn.<\/p>\n<p>&nbsp;<\/p>\n\n<p>&nbsp;<\/p>\n<p><em><strong>Fuente: Diego Clar (Prensa Bochas).\u00a0<\/strong><\/em><\/p>\n","protected":false},"excerpt":{"rendered":"<p>La agenda boch\u00f3fila local tach\u00f3 del calendario el Torneo Aniversario de la entidad de la calle Dorrego y tres fechas<\/p>\n","protected":false},"author":96739694,"featured_media":157755,"comment_status":"closed","ping_status":"closed","sticky":false,"template":"","format":"standard","meta":{"_jetpack_memberships_contains_paid_content":false,"footnotes":""},"categories":[30,1],"tags":[],"class_list":["post-137606","post","type-post","status-publish","format-standard","has-post-thumbnail","hentry","category-polideportivo","category-portada"],"jetpack_featured_media_url":"https:\/\/i0.wp.com\/cdnoticias.com\/wp-content\/uploads\/2023\/09\/La-Amistad-Torneo-Aniversario-e1695497201496.jpeg?fit=1200%2C652&ssl=1","jetpack_sharing_enabled":true,"_links":{"self":[{"href":"https:\/\/cdnoticias.com\/index.php\/wp-json\/wp\/v2\/posts\/137606","targetHints":{"allow":["GET"]}}],"collection":[{"href":"https:\/\/cdnoticias.com\/index.php\/wp-json\/wp\/v2\/posts"}],"about":[{"href":"https:\/\/cdnoticias.com\/index.php\/wp-json\/wp\/v2\/types\/post"}],"author":[{"embeddable":true,"href":"https:\/\/cdnoticias.com\/index.php\/wp-json\/wp\/v2\/users\/96739694"}],"replies":[{"embeddable":true,"href":"https:\/\/cdnoticias.com\/index.php\/wp-json\/wp\/v2\/comments?post=137606"}],"version-history":[{"count":0,"href":"https:\/\/cdnoticias.com\/index.php\/wp-json\/wp\/v2\/posts\/137606\/revisions"}],"wp:featuredmedia":[{"embeddable":true,"href":"https:\/\/cdnoticias.com\/index.php\/wp-json\/wp\/v2\/media\/157755"}],"wp:attachment":[{"href":"https:\/\/cdnoticias.com\/index.php\/wp-json\/wp\/v2\/media?parent=137606"}],"wp:term":[{"taxonomy":"category","embeddable":true,"href":"https:\/\/cdnoticias.com\/index.php\/wp-json\/wp\/v2\/categories?post=137606"},{"taxonomy":"post_tag","embeddable":true,"href":"https:\/\/cdnoticias.com\/index.php\/wp-json\/wp\/v2\/tags?post=137606"}],"curies":[{"name":"wp","href":"https:\/\/api.w.org\/{rel}","templated":true}]}}