{"id":137597,"date":"2023-09-22T17:17:39","date_gmt":"2023-09-22T20:17:39","guid":{"rendered":"https:\/\/centraldeportes.com.ar\/?p=42329"},"modified":"2025-02-12T21:52:51","modified_gmt":"2025-02-13T00:52:51","slug":"todo-listo-para-la-3-maraton-de-rollers-en-olavarria","status":"publish","type":"post","link":"https:\/\/cdnoticias.com\/index.php\/2023\/09\/22\/todo-listo-para-la-3-maraton-de-rollers-en-olavarria\/","title":{"rendered":"Todo listo para la 3\u00b0 Marat\u00f3n de Rollers en Olavarr\u00eda"},"content":{"rendered":"\n<p>Con motivo de la realizaci\u00f3n de la 3\u00b0 edici\u00f3n de la Marathon de rollers y pat\u00edn carrera y debido al importante n\u00famero de deportistas que se sumar\u00e1n a la propuesta, desde la Municipalidad de Olavarr\u00eda informaron que el tr\u00e1nsito se ver\u00e1 afectado.<\/p>\n\n\n\n<!--more-->\n\n\n\n<hr class=\"wp-block-separator has-alpha-channel-opacity\"\/>\n\n\n\n<p>La competencia organizada por la Subcomisi\u00f3n de Pat\u00edn Carrera de El Fort\u00edn y la Asociaci\u00f3n de Pat\u00edn del Centro contar\u00e1 con m\u00e1s de 200 patinadores y patinadoras de todo el pa\u00eds y <strong>para que la competencia se desarrolle dentro de los par\u00e1metros normales habr\u00e1 un importante operativo para controlar el tr\u00e1nsito que dar\u00e1 comienzo a las 7:30 y se extender\u00e1 hasta alrededor de las 15:00<\/strong>.<\/p>\n\n\n\n<p>Sin la posibilidad de realizar competencias en pista, los \u201cFortineros\u201d tienen su fecha anual en el calendario con una propuesta de Marat\u00f3n que contar\u00e1 con la presencia de grandes figuras del pat\u00edn carrera que correr\u00e1n desde 30 kil\u00f3metros hasta una vuelta recreativa para aficionados.<\/p>\n\n\n\n<p>En representaci\u00f3n de Olavarr\u00eda, adem\u00e1s del equipo de El Fort\u00edn, estar\u00e1n presentes deportistas del Club Hinojo y de Boca Junior.<\/p>\n\n\n\n<p>Pensando en el normal desarrollo de la competencia, el tr\u00e1nsito estar\u00e1 cortado desde las 7:30 hasta las 15:00 y se apela a la colaboraci\u00f3n de toda la comunidad y a los habitantes de la zona se solicita colaboraci\u00f3n y en caso de necesitar desplazarse en veh\u00edculos deber\u00e1n informar con antelaci\u00f3n a los organizadores al 2284-224978.<\/p>\n\n\n\n<p>El listado de cortes es el siguiente:<\/p>\n\n\n\n<p>-Necochea y avenida Pringles<br>-Dorrego y 9 de Julio<br>-San Mart\u00edn y 9 de Julio<br>-Coronel Su\u00e1rez y 9 de Julio<br>-Bol\u00edvar y 9 de Julio<br>-Avenida Pringles y Bol\u00edvar.<\/p>\n","protected":false},"excerpt":{"rendered":"<p>Con motivo de la realizaci\u00f3n de la 3\u00b0 edici\u00f3n de la Marathon de rollers y pat\u00edn carrera y debido al<\/p>\n","protected":false},"author":96739694,"featured_media":157646,"comment_status":"closed","ping_status":"closed","sticky":false,"template":"","format":"standard","meta":{"_jetpack_memberships_contains_paid_content":false,"footnotes":""},"categories":[30,1],"tags":[],"class_list":["post-137597","post","type-post","status-publish","format-standard","has-post-thumbnail","hentry","category-polideportivo","category-portada"],"jetpack_featured_media_url":"https:\/\/i0.wp.com\/cdnoticias.com\/wp-content\/uploads\/2022\/10\/patin-carrera-8.jpeg?fit=1500%2C1000&ssl=1","jetpack_sharing_enabled":true,"_links":{"self":[{"href":"https:\/\/cdnoticias.com\/index.php\/wp-json\/wp\/v2\/posts\/137597","targetHints":{"allow":["GET"]}}],"collection":[{"href":"https:\/\/cdnoticias.com\/index.php\/wp-json\/wp\/v2\/posts"}],"about":[{"href":"https:\/\/cdnoticias.com\/index.php\/wp-json\/wp\/v2\/types\/post"}],"author":[{"embeddable":true,"href":"https:\/\/cdnoticias.com\/index.php\/wp-json\/wp\/v2\/users\/96739694"}],"replies":[{"embeddable":true,"href":"https:\/\/cdnoticias.com\/index.php\/wp-json\/wp\/v2\/comments?post=137597"}],"version-history":[{"count":0,"href":"https:\/\/cdnoticias.com\/index.php\/wp-json\/wp\/v2\/posts\/137597\/revisions"}],"wp:featuredmedia":[{"embeddable":true,"href":"https:\/\/cdnoticias.com\/index.php\/wp-json\/wp\/v2\/media\/157646"}],"wp:attachment":[{"href":"https:\/\/cdnoticias.com\/index.php\/wp-json\/wp\/v2\/media?parent=137597"}],"wp:term":[{"taxonomy":"category","embeddable":true,"href":"https:\/\/cdnoticias.com\/index.php\/wp-json\/wp\/v2\/categories?post=137597"},{"taxonomy":"post_tag","embeddable":true,"href":"https:\/\/cdnoticias.com\/index.php\/wp-json\/wp\/v2\/tags?post=137597"}],"curies":[{"name":"wp","href":"https:\/\/api.w.org\/{rel}","templated":true}]}}