{"id":137595,"date":"2023-09-22T08:37:40","date_gmt":"2023-09-22T11:37:40","guid":{"rendered":"https:\/\/centraldeportes.com.ar\/?p=42323"},"modified":"2025-02-12T21:52:55","modified_gmt":"2025-02-13T00:52:55","slug":"juegos-bonaerenses-otra-edicion-finalizo-y-olavarria-entre-las-mas-premiadas","status":"publish","type":"post","link":"https:\/\/cdnoticias.com\/index.php\/2023\/09\/22\/juegos-bonaerenses-otra-edicion-finalizo-y-olavarria-entre-las-mas-premiadas\/","title":{"rendered":"Juegos Bonaerenses: otra edici\u00f3n finaliz\u00f3 y Olavarr\u00eda, entre las m\u00e1s premiadas"},"content":{"rendered":"\n<div class=\"wp-block-group is-layout-constrained wp-block-group-is-layout-constrained\">\n<p>El evento deportivo y cultural m\u00e1s importante de la provincia concluy\u00f3 con las competencias y cerr\u00f3 el \u00faltimo mi\u00e9rcoles la edici\u00f3n 2023. La Delegaci\u00f3n local se ubic\u00f3 dentro del top 20 con treinta y cinco medallas.<!--more--><\/p>\n<hr \/>\n<p>El representativo olavarriense finaliz\u00f3 el pasado mi\u00e9rcoles su participaci\u00f3n en en los <strong>Juegos Bonaerenses<\/strong> desarrollados en Mar del Plata siendo una de las m\u00e1s numerosas y ubic\u00e1ndose <strong>dentro de las primeras veinte ciudades del ranking con 35 preseas<\/strong> en el medallero: 10 de oro, 12 de plata y 13 de bronce.<\/p>\n<p>\u00a0<\/p>\n<p>Adem\u00e1s del desarrollo de las instancias finales y los partidos por el tercer puesto, la jornada vespertina tuvo la consagraci\u00f3n de <strong>Guadalupe Casasola en Ajedrez, quien se qued\u00f3 con la de plata en categor\u00eda Universitario<\/strong>.<\/p>\n<p>\u00a0<\/p>\n<p>Bajo la misma divisi\u00f3n, pero en p\u00e1del, la pareja de <strong>Kevin Mac Intyre y Facundo Sosa<\/strong> fueron subcampeones al igual que en tenis, con la participaci\u00f3n de Sof\u00eda Juanolo en categor\u00eda Sub 16.<\/p>\n<p>\u00a0<\/p>\n<p>Las medallas de bronce obtenidas el \u00faltimo d\u00eda fueron para el <strong>equipo femenino de hockey Sub 16 de Estudiantes<\/strong> y para <strong>Martiniano D\u00edaz Oviedo<\/strong> en golf categor\u00eda M18 sin ventaja.<\/p>\n<p>\u00a0<\/p>\n<p>A la par, este \u00faltimo mi\u00e9rcoles jugaron sus respectivos partidos los equipos de v\u00f3ley femenino de los Colegios Normal y Nuevas Lenguas (Sub 14 y Sub 18 respectivamente), quienes finalizaron 4\u00ba en la clasificaci\u00f3n bonaerense, al igual que el equipo de beach v\u00f3ley de Racing.<\/p>\n<p>\u00a0<\/p>\n<ul>\n<li>\n<h6><strong>Cultura<\/strong><\/h6>\n<\/li>\n<\/ul>\n<p>\u00a0<\/p>\n<p>En la tarde del \u00faltimo martes, <strong>Lara Masson y Felicitas Gotfritt<\/strong> participaron en la disciplina Literatura y Poes\u00eda en las categor\u00edas Sub 15 y Sub 18 respectivamente. Horas m\u00e1s tarde, <strong>Mar\u00eda Sol Zibecchi y Mat\u00edas Lazarte<\/strong> fueron parte de Tango Juvenil, con una de las performances m\u00e1s ovacionadas.<\/p>\n<p>\u00a0<\/p>\n<p><strong>Mariel Gonz\u00e1lez<\/strong> protagoniz\u00f3 Narraci\u00f3n, en categor\u00eda Personas con Discapacidad, mientras que <strong>Facundo Galleti Calvo<\/strong> obtuvo la medalla de bronce en Solista Vocal Sub 15.<\/p>\n<hr \/>\n<ul>\n<li>\n<h6><strong>Medallero final<\/strong><\/h6>\n<\/li>\n<\/ul>\n<p>\u00a0<\/p>\n<h6>Oro (10)<\/h6>\n<p>Camila Fr\u00edas (Nataci\u00f3n PCD)<\/p>\n<p>Dylan Leal (Nataci\u00f3n PCD)<\/p>\n<p>Emiliano Jerez (Atletismo PCD)<\/p>\n<p>Lucas Otermin (Nataci\u00f3n PCD)\u00a0<em style=\"font-weight: inherit;\"><strong>\u00a0<\/strong><\/em><\/p>\n<p>Pablo Grunewald, en 1500 metros personas trasplantadas<\/p>\n<p>Luz Ford, en 100 metros pecho Sub16<\/p>\n<p>Valentino Rossi Tiro Sub15<\/p>\n<p>Victoria Olivera Tiro Sub15<\/p>\n<p>Futbol tenis Sub15, Luz Attadia y Jazmin Vailatti<\/p>\n<p>Tejo, Paulina Calder\u00f3n y Marta Abraham<\/p>\n<p>\u00a0<\/p>\n<h6>Plata (12)<\/h6>\n<p>Tomas Acosta (Nataci\u00f3n PCD)<\/p>\n<p>Silvina Cueto (Atletismo PCD)<\/p>\n<p>Luis Draghi (Nataci\u00f3n PCD)<\/p>\n<p>Bautista Gallichio, en 100 metros Sub18<\/p>\n<p>Felipe Coria, en 100 metros pecho sub14<\/p>\n<p>Fernando Altamira, en 100 metros mariposa Sub14<\/p>\n<p>Mateo Mares, en 100 metros espalda Sub16<\/p>\n<p>Francesca Bologniani, en 80 metros con vallas, categor\u00eda Sub14<\/p>\n<p>Marta Da Silva, Tenis de mesa<\/p>\n<p>Guadalupe Casasola, Ajedrez<\/p>\n<p>Padel Universitario, Kevin Mac Intyre \u2013 Facundo Sosa<\/p>\n<p>Tenis Sub16, Sofia Juanolo<\/p>\n<p>\u00a0<\/p>\n<h6>Bronce (13)<\/h6>\n<p>Nicol\u00e1s Pezet Paz (Atletismo, 1200 metros Sub14)<\/p>\n<p>Oriana Aguer (Nataci\u00f3n PCD)<\/p>\n<p>Victoria Galiano (Atletismo PCD)<\/p>\n<p>Miguel Rastelli (Atletismo PCD)<\/p>\n<p>Facundo Galetti Calvo (Solista Sub15)<\/p>\n<p>Alfredo Ardiles, en Sub18 1200 metros<\/p>\n<p>Juana Martinefsky, en 100 metros Sub18<\/p>\n<p>Juan Gundel Orifici, en 100 metros espalda Sub14<\/p>\n<p>Santiago Caputo, en 50 metros libre Sub14<\/p>\n<p>I\u00f1aki Arguindeguy, en 300 metros (atletismo)<\/p>\n<p>Padel sub14 femenino Pilar, Waimann y Maitena Masson<\/p>\n<p>Hockey Sub16<\/p>\n<p>Martiniano D\u00edaz Oviedo, Golf<\/p>\n<p>\u00a0<\/p>\n<p><em><strong>Fuente: Prensa del Municipio.<\/strong><\/em><\/p>\n<\/div>\n","protected":false},"excerpt":{"rendered":"<p>El evento deportivo y cultural m\u00e1s importante de la provincia concluy\u00f3 con las competencias y cerr\u00f3 el \u00faltimo mi\u00e9rcoles la<\/p>\n","protected":false},"author":96739694,"featured_media":157652,"comment_status":"closed","ping_status":"closed","sticky":false,"template":"","format":"standard","meta":{"_jetpack_memberships_contains_paid_content":false,"footnotes":""},"categories":[30,1],"tags":[],"class_list":["post-137595","post","type-post","status-publish","format-standard","has-post-thumbnail","hentry","category-polideportivo","category-portada"],"jetpack_featured_media_url":"https:\/\/i0.wp.com\/cdnoticias.com\/wp-content\/uploads\/2023\/09\/Juegos-Bonaerenses-ultimo-dia.jpg?fit=1250%2C833&ssl=1","jetpack_sharing_enabled":true,"_links":{"self":[{"href":"https:\/\/cdnoticias.com\/index.php\/wp-json\/wp\/v2\/posts\/137595","targetHints":{"allow":["GET"]}}],"collection":[{"href":"https:\/\/cdnoticias.com\/index.php\/wp-json\/wp\/v2\/posts"}],"about":[{"href":"https:\/\/cdnoticias.com\/index.php\/wp-json\/wp\/v2\/types\/post"}],"author":[{"embeddable":true,"href":"https:\/\/cdnoticias.com\/index.php\/wp-json\/wp\/v2\/users\/96739694"}],"replies":[{"embeddable":true,"href":"https:\/\/cdnoticias.com\/index.php\/wp-json\/wp\/v2\/comments?post=137595"}],"version-history":[{"count":0,"href":"https:\/\/cdnoticias.com\/index.php\/wp-json\/wp\/v2\/posts\/137595\/revisions"}],"wp:featuredmedia":[{"embeddable":true,"href":"https:\/\/cdnoticias.com\/index.php\/wp-json\/wp\/v2\/media\/157652"}],"wp:attachment":[{"href":"https:\/\/cdnoticias.com\/index.php\/wp-json\/wp\/v2\/media?parent=137595"}],"wp:term":[{"taxonomy":"category","embeddable":true,"href":"https:\/\/cdnoticias.com\/index.php\/wp-json\/wp\/v2\/categories?post=137595"},{"taxonomy":"post_tag","embeddable":true,"href":"https:\/\/cdnoticias.com\/index.php\/wp-json\/wp\/v2\/tags?post=137595"}],"curies":[{"name":"wp","href":"https:\/\/api.w.org\/{rel}","templated":true}]}}