{"id":137593,"date":"2023-09-21T20:13:21","date_gmt":"2023-09-21T23:13:21","guid":{"rendered":"https:\/\/centraldeportes.com.ar\/?p=42308"},"modified":"2025-02-12T21:52:58","modified_gmt":"2025-02-13T00:52:58","slug":"pablo-burghini-asumio-como-nuevo-tecnico-de-loma-negra","status":"publish","type":"post","link":"https:\/\/cdnoticias.com\/index.php\/2023\/09\/21\/pablo-burghini-asumio-como-nuevo-tecnico-de-loma-negra\/","title":{"rendered":"Pablo Burghini asumi\u00f3 como nuevo t\u00e9cnico de Loma Negra"},"content":{"rendered":"\n<div class=\"wp-block-group is-layout-constrained wp-block-group-is-layout-constrained\">\n<p>El flamante DT, con \u00faltimo paso por El Fort\u00edn, fue el designado para reemplazar a Enrique De la Vega en la conducci\u00f3n t\u00e9cnica del equipo mayor.<!--more--><\/p>\n<hr \/>\n<p>El \u201cCeleste\u201d de Villa Alfredo Fortabat atraves\u00f3 momentos de cambios en los \u00faltimos d\u00edas luego de <a href=\"https:\/\/cdnoticias.com\/enrique-de-la-vega-no-es-mas-el-dt-de-loma-negra\/\">las renuncias<\/a> y posteriores salidas de <strong>Enrique De la Vega<\/strong> (Coordinador General y DT de Primera) y<strong> Jos\u00e9 \u201cMoyo\u201d Prevetera<\/strong> (Asistente en Primera y DT de Reserva y Quinta Divisi\u00f3n) por motivos personales.<\/p>\n<p>\u00a0<\/p>\n<p><\/p>\n<figure class=\"wp-block-image\">\n<figure id=\"attachment_42312\" aria-describedby=\"caption-attachment-42312\" style=\"width: 984px\" class=\"wp-caption alignnone\"><img data-recalc-dims=\"1\" loading=\"lazy\" decoding=\"async\" class=\"wp-image-42312\" src=\"https:\/\/i0.wp.com\/cdnoticias.com\/wp-content\/uploads\/2023\/09\/Despedida-Enrique-De-la-Vega-Loma-Negra.jpg?resize=800%2C420&#038;ssl=1\" alt=\"\" width=\"800\" height=\"420\" \/><figcaption id=\"caption-attachment-42312\" class=\"wp-caption-text\">Cr\u00e9dito: Prensa Loma Negra<\/figcaption><\/figure>\n<\/figure>\n<p>\u00a0<\/p>\n<p>En paralelo, durante la tarde noche del pasado martes, los dos entrenadores se despidieron de la instituci\u00f3n ante la mirada de los planteles de todas las divisiones, auxiliares y dirigentes. Vale recordar que tomaron las riendas de la disciplina en enero del vigente a\u00f1o.<\/p>\n<p>\u00a0<\/p>\n<p>Ante las vacantes, <strong>la Subcomisi\u00f3n de F\u00fatbol de Loma Negra anunci\u00f3 a Pablo Burghini como el flamante DT del equipo de Primera Divisi\u00f3n y a Maximiliano Di Matteo como ayudante de campo y t\u00e9cnico de la Reserva<\/strong>. Con \u00faltimo paso por El Fort\u00edn, Burghini se present\u00f3 este \u00faltimo mi\u00e9rcoles con el plantel y dirigi\u00f3 su primera pr\u00e1ctica. Estar\u00e1n en el cargo hasta que finalice la temporada.<\/p>\n<p>\u00a0<\/p>\n<p><\/p>\n<figure class=\"wp-block-image\"><img data-recalc-dims=\"1\" loading=\"lazy\" decoding=\"async\" class=\"aligncenter wp-image-18537 size-full\" src=\"https:\/\/i0.wp.com\/cdnoticias.com\/wp-content\/uploads\/2022\/06\/fortin-interligas_9.jpg?resize=800%2C533&#038;ssl=1\" alt=\"\" width=\"800\" height=\"533\" \/><\/figure>\n<p><\/p>\n<p>\u00a0<\/p>\n<p>Por otro lado, indicaron que<strong> Nicol\u00e1s Rosales, quien ven\u00eda trabajando con Sexta y S\u00e9ptima, se har\u00e1 cargo de la Quinta Divisi\u00f3n<\/strong> de las categor\u00edas juveniles.<\/p>\n<p>\u00a0<\/p>\n<p>El debut para Burghini y compa\u00f1\u00eda ser\u00e1 <strong>el pr\u00f3ximo domingo, donde Loma Negra recibir\u00e1 a San Mart\u00edn<\/strong> en una nueva edici\u00f3n del \u201cCl\u00e1sico de las Sierras\u201d.<\/p>\n<\/div>\n","protected":false},"excerpt":{"rendered":"<p>El flamante DT, con \u00faltimo paso por El Fort\u00edn, fue el designado para reemplazar a Enrique De la Vega en<\/p>\n","protected":false},"author":96739694,"featured_media":157657,"comment_status":"closed","ping_status":"closed","sticky":false,"template":"","format":"standard","meta":{"_jetpack_memberships_contains_paid_content":false,"footnotes":""},"categories":[35,1,41],"tags":[],"class_list":["post-137593","post","type-post","status-publish","format-standard","has-post-thumbnail","hentry","category-futbol","category-portada","category-primera-y-reserva"],"jetpack_featured_media_url":"https:\/\/i0.wp.com\/cdnoticias.com\/wp-content\/uploads\/2022\/06\/fortin-interligas_8.jpg?fit=1280%2C853&ssl=1","jetpack_sharing_enabled":true,"_links":{"self":[{"href":"https:\/\/cdnoticias.com\/index.php\/wp-json\/wp\/v2\/posts\/137593","targetHints":{"allow":["GET"]}}],"collection":[{"href":"https:\/\/cdnoticias.com\/index.php\/wp-json\/wp\/v2\/posts"}],"about":[{"href":"https:\/\/cdnoticias.com\/index.php\/wp-json\/wp\/v2\/types\/post"}],"author":[{"embeddable":true,"href":"https:\/\/cdnoticias.com\/index.php\/wp-json\/wp\/v2\/users\/96739694"}],"replies":[{"embeddable":true,"href":"https:\/\/cdnoticias.com\/index.php\/wp-json\/wp\/v2\/comments?post=137593"}],"version-history":[{"count":0,"href":"https:\/\/cdnoticias.com\/index.php\/wp-json\/wp\/v2\/posts\/137593\/revisions"}],"wp:featuredmedia":[{"embeddable":true,"href":"https:\/\/cdnoticias.com\/index.php\/wp-json\/wp\/v2\/media\/157657"}],"wp:attachment":[{"href":"https:\/\/cdnoticias.com\/index.php\/wp-json\/wp\/v2\/media?parent=137593"}],"wp:term":[{"taxonomy":"category","embeddable":true,"href":"https:\/\/cdnoticias.com\/index.php\/wp-json\/wp\/v2\/categories?post=137593"},{"taxonomy":"post_tag","embeddable":true,"href":"https:\/\/cdnoticias.com\/index.php\/wp-json\/wp\/v2\/tags?post=137593"}],"curies":[{"name":"wp","href":"https:\/\/api.w.org\/{rel}","templated":true}]}}