{"id":137586,"date":"2023-09-20T20:35:17","date_gmt":"2023-09-20T23:35:17","guid":{"rendered":"https:\/\/centraldeportes.com.ar\/?p=42263"},"modified":"2025-02-12T21:53:08","modified_gmt":"2025-02-13T00:53:08","slug":"doblete-de-chechu-lopez-en-otra-victoria-de-ferro-carril-oeste","status":"publish","type":"post","link":"https:\/\/cdnoticias.com\/index.php\/2023\/09\/20\/doblete-de-chechu-lopez-en-otra-victoria-de-ferro-carril-oeste\/","title":{"rendered":"Doblete de \u201cChechu\u201d L\u00f3pez en otra victoria de Ferro Carril Oeste"},"content":{"rendered":"<p>Fue en el marco de la 5\u00b0 fecha de la Copa de la Liga Femenina. Adem\u00e1s, con estos dos goles, la delantera olavarriense lleva cuatro anotados en el campeonato.<!--more--><\/p>\n<hr \/>\n<p>El segundo torneo del a\u00f1o para la<strong> \u00e9lite del futbol femenino nacional<\/strong> complet\u00f3 la <strong>5\u00b0 jornada<\/strong> entre jueves y domingo pasado y fue nuevamente con aporte goleador de Sabrina L\u00f3pez para Ferro Carril Oeste.<\/p>\n<p>&nbsp;<\/p>\n<p>En su visita al Estadio Ciudad de Vicente L\u00f3pez,<strong> las \u201cVerdolagas\u201d golearon 4 a 0 a Platense<\/strong>, llegaron a los siete puntos en la Zona B y escalaron a la cuarta posici\u00f3n de la tabla junto con Rosario Central y Excursionistas.<\/p>\n<p>&nbsp;<\/p>\n<p><strong>Sabrina L\u00f3pez<\/strong> fue de la partida y <strong>convirti\u00f3 un doblete para el festejo de su equipo<\/strong>, ambos en la etapa complementaria. <strong>El primero lleg\u00f3 a los 51\u2019 y el siguiente a los 68\u2019<\/strong>. Tiziana Lezcano y Raquel N\u00fa\u00f1ez convirtieron los restantes. M\u00e1s tarde, \u201cChechu\u201d abandon\u00f3 el campo de juego a los 73\u2019 y en su lugar ingres\u00f3 Milagros Caballero.<\/p>\n<p>&nbsp;<\/p>\n<p>De esta manera, <strong>la atacante lleva ya cuatro goles en cinco partidos disputados<\/strong> de la vigente competencia y en la pr\u00f3xima fecha, Ferro Carril Oeste se medir\u00e1 contra Lan\u00fas en el Predio Santiago Leyden.<\/p>\n<p>&nbsp;<\/p>\n<p><em><strong>Foto: Ferro Carril Oeste \/\/ @Romands.ph<\/strong><\/em><\/p>\n","protected":false},"excerpt":{"rendered":"<p>Fue en el marco de la 5\u00b0 fecha de la Copa de la Liga Femenina. Adem\u00e1s, con estos dos goles,<\/p>\n","protected":false},"author":96739694,"featured_media":157672,"comment_status":"closed","ping_status":"closed","sticky":false,"template":"","format":"standard","meta":{"_jetpack_memberships_contains_paid_content":false,"footnotes":""},"categories":[37,1],"tags":[],"class_list":["post-137586","post","type-post","status-publish","format-standard","has-post-thumbnail","hentry","category-futbol-profesional","category-portada"],"jetpack_featured_media_url":"https:\/\/i0.wp.com\/cdnoticias.com\/wp-content\/uploads\/2023\/09\/Sabrina-Chechu-Lopez-Ferro-Carril-Oeste.jpg?fit=1200%2C945&ssl=1","jetpack_sharing_enabled":true,"_links":{"self":[{"href":"https:\/\/cdnoticias.com\/index.php\/wp-json\/wp\/v2\/posts\/137586","targetHints":{"allow":["GET"]}}],"collection":[{"href":"https:\/\/cdnoticias.com\/index.php\/wp-json\/wp\/v2\/posts"}],"about":[{"href":"https:\/\/cdnoticias.com\/index.php\/wp-json\/wp\/v2\/types\/post"}],"author":[{"embeddable":true,"href":"https:\/\/cdnoticias.com\/index.php\/wp-json\/wp\/v2\/users\/96739694"}],"replies":[{"embeddable":true,"href":"https:\/\/cdnoticias.com\/index.php\/wp-json\/wp\/v2\/comments?post=137586"}],"version-history":[{"count":0,"href":"https:\/\/cdnoticias.com\/index.php\/wp-json\/wp\/v2\/posts\/137586\/revisions"}],"wp:featuredmedia":[{"embeddable":true,"href":"https:\/\/cdnoticias.com\/index.php\/wp-json\/wp\/v2\/media\/157672"}],"wp:attachment":[{"href":"https:\/\/cdnoticias.com\/index.php\/wp-json\/wp\/v2\/media?parent=137586"}],"wp:term":[{"taxonomy":"category","embeddable":true,"href":"https:\/\/cdnoticias.com\/index.php\/wp-json\/wp\/v2\/categories?post=137586"},{"taxonomy":"post_tag","embeddable":true,"href":"https:\/\/cdnoticias.com\/index.php\/wp-json\/wp\/v2\/tags?post=137586"}],"curies":[{"name":"wp","href":"https:\/\/api.w.org\/{rel}","templated":true}]}}