{"id":137585,"date":"2023-09-20T19:55:26","date_gmt":"2023-09-20T22:55:26","guid":{"rendered":"https:\/\/centraldeportes.com.ar\/?p=42258"},"modified":"2025-02-12T21:53:09","modified_gmt":"2025-02-13T00:53:09","slug":"diego-martin-el-ganador-en-el-festival-sabatino","status":"publish","type":"post","link":"https:\/\/cdnoticias.com\/index.php\/2023\/09\/20\/diego-martin-el-ganador-en-el-festival-sabatino\/","title":{"rendered":"Diego Mart\u00edn, el ganador en el festival sabatino"},"content":{"rendered":"\n<div class=\"wp-block-group is-layout-constrained wp-block-group-is-layout-constrained\">\n<p>En la pista \u201cHumberto \u00c1ngel Corradi\u201d se llev\u00f3 a cabo un nuevo festival de ciclismo organizado por la Uni\u00f3n de Ciclistas Olavarrienses y el ganador de la prueba principal fue Diego Mart\u00edn. Adem\u00e1s, representantes locales estuvieron en Ayacucho.<!--more--><\/p>\n<hr \/>\n<p>Ante un buen n\u00famero de ciclistas y gran marco de p\u00fablico, el pasado s\u00e1bado hubo un nuevo encuentro en la pista municipal y el ganador de la prueba principal fue <strong>Diego Mart\u00edn<\/strong>.<\/p>\n<p>\u00a0<\/p>\n<p>En Infantiles dijeron presentes <strong>Carlitos Navarro, Benicio Doleschan y Franchesca Louge<\/strong>.<\/p>\n<p>\u00a0<\/p>\n<p>Por otro lado, en Ayacucho se destacaron <strong>Diego Castro<\/strong> que gan\u00f3 en Menores de 40,<strong> Rafael Erripa<\/strong> que se impuso en M\u00e1ster C y en \u00c9lite, <strong>Theo Sequeira<\/strong> se subi\u00f3 al podio al finalizar 5\u00b0.<\/p>\n<p>\u00a0<\/p>\n<h6><strong>-Los resultados:<\/strong><\/h6>\n<p>\u00a0<\/p>\n<ul>\n<li><strong>Libre<\/strong><\/li>\n<\/ul>\n<p>1\u00b0 Diego Martin<\/p>\n<p>2\u00b0 Nicol\u00e1s Alvano<\/p>\n<p>3\u00b0 Lautaro Valetutto<\/p>\n<p>4\u00b0 Renzo Amoroso<\/p>\n<p>5\u00b0 Facundo Dumerauf<\/p>\n<p>\u00a0<\/p>\n<ul>\n<li><strong>M\u00e1ster B<\/strong><\/li>\n<\/ul>\n<p>1\u00b0 Fernando Vignau<\/p>\n<p>2\u00b0 Miguel Barzola<\/p>\n<p>3\u00b0 Marcelo Borneo<\/p>\n<p>4\u00b0 Marcos Sosa<\/p>\n<p>5\u00b0 Rafael Erripa<\/p>\n<p>\u00a0<\/p>\n<ul>\n<li><strong>M\u00e1ster C<\/strong><\/li>\n<\/ul>\n<p>1\u00b0 Miguel Barzola<\/p>\n<p>2\u00b0 Rafael Erripa<\/p>\n<p>3\u00b0 Javier Lobosco<\/p>\n<p>4\u00b0 Walter Benito<\/p>\n<p>5\u00b0 Roberto Marchesi<\/p>\n<p>\u00a0<\/p>\n<ul>\n<li><strong>Menores de 40<\/strong><\/li>\n<\/ul>\n<p>1\u00b0 Mateo Vaccilotte<\/p>\n<p>2\u00b0 Nahuel Lamas<\/p>\n<p>3\u00b0 Diego Castro<\/p>\n<p>4\u00b0 Hugo Trumpio<\/p>\n<p>5\u00b0 Santiago Erripa<\/p>\n<p>\u00a0<\/p>\n<ul>\n<li><strong>Mayores de 40<\/strong><\/li>\n<\/ul>\n<p>1\u00b0 Pedro Garc\u00eda<\/p>\n<p>2\u00b0 Carlos Arias<\/p>\n<p>3\u00b0 Leandro Dastugue<\/p>\n<p>4\u00b0 Jorge Lescano<\/p>\n<p>5\u00b0 Silvio Carricarte<\/p>\n<p>\u00a0<\/p>\n<ul>\n<li><strong>M\u00e1ster D<\/strong><\/li>\n<\/ul>\n<p>1\u00b0 Oscar Cisneros<\/p>\n<p>2\u00b0 Hugo Bustos<\/p>\n<p>3\u00b0 Juan Ba\u00f1os<\/p>\n<p>4\u00b0 Roberto Hern\u00e1ndez<\/p>\n<p>5\u00b0 Mario Fern\u00e1ndez<\/p>\n<p>\u00a0<\/p>\n<ul>\n<li><strong>Debutantes<\/strong><\/li>\n<\/ul>\n<p>1\u00b0 Rub\u00e9n Rodr\u00edguez<\/p>\n<p>2\u00b0 Maximiliano Bedouret<\/p>\n<p>3\u00b0 Roberto Sa\u00f1ico<\/p>\n<p>4\u00b0 Pablo Larrocca<\/p>\n<p>5\u00b0 Carlos Roldan<\/p>\n<\/div>\n","protected":false},"excerpt":{"rendered":"<p>En la pista \u201cHumberto \u00c1ngel Corradi\u201d se llev\u00f3 a cabo un nuevo festival de ciclismo organizado por la Uni\u00f3n de<\/p>\n","protected":false},"author":96739694,"featured_media":157674,"comment_status":"closed","ping_status":"closed","sticky":false,"template":"","format":"standard","meta":{"_jetpack_memberships_contains_paid_content":false,"footnotes":""},"categories":[30,1],"tags":[],"class_list":["post-137585","post","type-post","status-publish","format-standard","has-post-thumbnail","hentry","category-polideportivo","category-portada"],"jetpack_featured_media_url":"https:\/\/i0.wp.com\/cdnoticias.com\/wp-content\/uploads\/2023\/09\/379994729_773956814740360_8856305638637782186_n.jpg?fit=1600%2C1200&ssl=1","jetpack_sharing_enabled":true,"_links":{"self":[{"href":"https:\/\/cdnoticias.com\/index.php\/wp-json\/wp\/v2\/posts\/137585","targetHints":{"allow":["GET"]}}],"collection":[{"href":"https:\/\/cdnoticias.com\/index.php\/wp-json\/wp\/v2\/posts"}],"about":[{"href":"https:\/\/cdnoticias.com\/index.php\/wp-json\/wp\/v2\/types\/post"}],"author":[{"embeddable":true,"href":"https:\/\/cdnoticias.com\/index.php\/wp-json\/wp\/v2\/users\/96739694"}],"replies":[{"embeddable":true,"href":"https:\/\/cdnoticias.com\/index.php\/wp-json\/wp\/v2\/comments?post=137585"}],"version-history":[{"count":0,"href":"https:\/\/cdnoticias.com\/index.php\/wp-json\/wp\/v2\/posts\/137585\/revisions"}],"wp:featuredmedia":[{"embeddable":true,"href":"https:\/\/cdnoticias.com\/index.php\/wp-json\/wp\/v2\/media\/157674"}],"wp:attachment":[{"href":"https:\/\/cdnoticias.com\/index.php\/wp-json\/wp\/v2\/media?parent=137585"}],"wp:term":[{"taxonomy":"category","embeddable":true,"href":"https:\/\/cdnoticias.com\/index.php\/wp-json\/wp\/v2\/categories?post=137585"},{"taxonomy":"post_tag","embeddable":true,"href":"https:\/\/cdnoticias.com\/index.php\/wp-json\/wp\/v2\/tags?post=137585"}],"curies":[{"name":"wp","href":"https:\/\/api.w.org\/{rel}","templated":true}]}}