{"id":137581,"date":"2023-09-20T01:32:47","date_gmt":"2023-09-20T04:32:47","guid":{"rendered":"https:\/\/centraldeportes.com.ar\/?p=42191"},"modified":"2023-09-20T01:32:47","modified_gmt":"2023-09-20T04:32:47","slug":"lucas-janson-tuvo-su-bautismo-de-gol-con-la-camiseta-xeneize-2","status":"publish","type":"post","link":"https:\/\/cdnoticias.com\/index.php\/2023\/09\/20\/lucas-janson-tuvo-su-bautismo-de-gol-con-la-camiseta-xeneize-2\/","title":{"rendered":"Lucas Janson tuvo su bautismo de gol con la camiseta \u201cXeneize\u201d"},"content":{"rendered":"<p>El delantero olavarriense cort\u00f3 la sequ\u00eda y ampli\u00f3 la diferencia en el triunfo 3 a 0 de Boca frente a Central C\u00f3rdoba. Con \u00e9ste, lleva cinco goles convertidos en el a\u00f1o.<!--more--><\/p>\n<hr \/>\n<p>La <strong>Copa de la Liga Profesional<\/strong>, con actividad entresemana, prosigui\u00f3 este martes con la <strong>5\u00b0 fecha<\/strong> del certamen y en el primer cruce del d\u00eda, <strong>Boca derrot\u00f3 a Central C\u00f3rdoba<\/strong> en el Estadio Madre de Ciudades de Santiago del Estero.<\/p>\n<p>&nbsp;<\/p>\n<p><strong>Fue 3 a 0, con goles de Lucas Blondel, Lucas Janson y Dar\u00edo Benedetto<\/strong> para el equipo de Jorge Almir\u00f3n que esta victoria logr\u00f3 su segundo festejo en el campeonato y cort\u00f3 una racha de tres derrotas consecutivas en el certamen local.<\/p>\n<p>&nbsp;<\/p>\n<p><strong>El delantero olavarriense<\/strong> fue titular en el duelo frente al \u201cFerroviario\u201d y<strong> a los 16\u2019 del segundo tiempo, con un golazo, marc\u00f3 el segundo grito de la tarde noche<\/strong> <strong>y el primero personal con la camiseta \u201cXeneize\u201d<\/strong>. M\u00e1s tarde, a los 73\u2019, fue sustituido por el peruano Luis Adv\u00edncula.<\/p>\n<p>&nbsp;<\/p>\n<p>A la par, en una entrevista post partido con el periodista Diego Monroig, el ex V\u00e9lez confes\u00f3 que \u201c<strong><em>ven\u00eda fatidioso porque ven\u00eda errando mucho, pero por suerte se me pudo abrir el arco y estoy contento por eso<\/em><\/strong>\u201d. Adem\u00e1s, por motivo de la victoria, manifest\u00f3 que \u201c<strong><em>nos vamos contentos porque se lograron los tres puntos que es lo que vinimos a buscar<\/em><\/strong>\u201d.<\/p>\n<p>&nbsp;<\/p>\n<p>El siguiente compromiso para Boca ser\u00e1 <strong>Lan\u00fas<\/strong>, el pr\u00f3ximo s\u00e1bado 18:30 en La Bombonera y luego se preparar\u00e1 para afrontar primera semifinal de Libertadores contra <strong>Palmeiras<\/strong>.<\/p>\n<hr \/>\n<blockquote class=\"twitter-tweet\" data-width=\"550\" data-dnt=\"true\">\n<p lang=\"es\" dir=\"ltr\">\u00a1GOLAZO, LUCAS! Janson la puso en el segundo palo, anot\u00f3 su primer tanto con la camiseta de <a href=\"https:\/\/twitter.com\/hashtag\/BocaJuniors?src=hash&amp;ref_src=twsrc%5Etfw\">#BocaJuniors<\/a> y el 2-0 ante <a href=\"https:\/\/twitter.com\/hashtag\/CentralC%C3%B3rdoba?src=hash&amp;ref_src=twsrc%5Etfw\">#CentralC\u00f3rdoba<\/a>. <a href=\"https:\/\/twitter.com\/hashtag\/CopaDeLaLiga?src=hash&amp;ref_src=twsrc%5Etfw\">#CopaDeLaLiga<\/a> ??  <\/p>\n<p>? ESPN Premium | Suscribite al Pack F\u00fatbol &#8211;&gt; <a href=\"https:\/\/t.co\/QQY0eG5BP2\">https:\/\/t.co\/QQY0eG5BP2<\/a> <a href=\"https:\/\/t.co\/uTIb8OejYX\">pic.twitter.com\/uTIb8OejYX<\/a><\/p>\n<p>&mdash; ESPN F\u00fatbol Argentina (@ESPNFutbolArg) <a href=\"https:\/\/twitter.com\/ESPNFutbolArg\/status\/1704270481895952475?ref_src=twsrc%5Etfw\">September 19, 2023<\/a><\/p><\/blockquote>\n<p><script async src=\"https:\/\/platform.twitter.com\/widgets.js\" charset=\"utf-8\"><\/script><\/p>\n<p>&nbsp;<\/p>\n<p><em><strong>Foto: Emilio Rapetti \/\/ Agencia T\u00e9lam.<\/strong><\/em><\/p>\n","protected":false},"excerpt":{"rendered":"<p>El delantero olavarriense cort\u00f3 la sequ\u00eda y ampli\u00f3 la diferencia en el triunfo 3 a 0 de Boca frente a<\/p>\n","protected":false},"author":96739695,"featured_media":42192,"comment_status":"closed","ping_status":"closed","sticky":false,"template":"","format":"standard","meta":{"_jetpack_memberships_contains_paid_content":false,"footnotes":""},"categories":[37,1],"tags":[],"class_list":["post-137581","post","type-post","status-publish","format-standard","has-post-thumbnail","hentry","category-futbol-profesional","category-portada"],"jetpack_featured_media_url":"https:\/\/i0.wp.com\/cdnoticias.com\/wp-content\/uploads\/2021\/12\/navidad-transportes-malvinas-1.jpg?fit=800%2C445&ssl=1","jetpack_sharing_enabled":true,"_links":{"self":[{"href":"https:\/\/cdnoticias.com\/index.php\/wp-json\/wp\/v2\/posts\/137581","targetHints":{"allow":["GET"]}}],"collection":[{"href":"https:\/\/cdnoticias.com\/index.php\/wp-json\/wp\/v2\/posts"}],"about":[{"href":"https:\/\/cdnoticias.com\/index.php\/wp-json\/wp\/v2\/types\/post"}],"author":[{"embeddable":true,"href":"https:\/\/cdnoticias.com\/index.php\/wp-json\/wp\/v2\/users\/96739695"}],"replies":[{"embeddable":true,"href":"https:\/\/cdnoticias.com\/index.php\/wp-json\/wp\/v2\/comments?post=137581"}],"version-history":[{"count":0,"href":"https:\/\/cdnoticias.com\/index.php\/wp-json\/wp\/v2\/posts\/137581\/revisions"}],"wp:featuredmedia":[{"embeddable":true,"href":"https:\/\/cdnoticias.com\/index.php\/wp-json\/wp\/v2\/media\/42192"}],"wp:attachment":[{"href":"https:\/\/cdnoticias.com\/index.php\/wp-json\/wp\/v2\/media?parent=137581"}],"wp:term":[{"taxonomy":"category","embeddable":true,"href":"https:\/\/cdnoticias.com\/index.php\/wp-json\/wp\/v2\/categories?post=137581"},{"taxonomy":"post_tag","embeddable":true,"href":"https:\/\/cdnoticias.com\/index.php\/wp-json\/wp\/v2\/tags?post=137581"}],"curies":[{"name":"wp","href":"https:\/\/api.w.org\/{rel}","templated":true}]}}