{"id":137566,"date":"2023-09-18T17:09:18","date_gmt":"2023-09-18T20:09:18","guid":{"rendered":"https:\/\/centraldeportes.com.ar\/?p=42040"},"modified":"2025-02-12T21:49:03","modified_gmt":"2025-02-13T00:49:03","slug":"braian-guille-debuto-oficialmente-en-colon-de-santa-fe","status":"publish","type":"post","link":"https:\/\/cdnoticias.com\/index.php\/2023\/09\/18\/braian-guille-debuto-oficialmente-en-colon-de-santa-fe\/","title":{"rendered":"Braian Guille debut\u00f3 oficialmente en Col\u00f3n de Santa Fe"},"content":{"rendered":"<p>Fue en el duelo contra Rosario Central y jug\u00f3 un par de minutos en el complemento. Adem\u00e1s, la jornada cont\u00f3 con las presencias de Janson, De la Vega y Salvareschi.<!--more--><\/p>\n<hr \/>\n<p>Luego del descanso por la fecha FIFA, la <strong>Copa de la Liga Profesional<\/strong> regres\u00f3 a la actividad y disput\u00f3 entre mi\u00e9rcoles y domingo pasado la <strong>5\u00b0 fecha del certamen <\/strong>en los dos grupos. De la jornada participaron cuatro futbolistas olavarrienses, pero la novedad lleg\u00f3 desde Santa Fe.<\/p>\n<p>&nbsp;<\/p>\n<p>El viernes, Col\u00f3n venci\u00f3 2 a 1 en su casa a Rosario Central, lleg\u00f3 a los nueve puntos y trep\u00f3 a la cima de la Zona A junto con Independiente. All\u00ed, <strong>Braian Guille tuvo su debut oficial con la camiseta del \u201cSabalero\u201d<\/strong>. Comenz\u00f3 en el banco de suplentes, pero luego <strong>ingres\u00f3 a los 34\u2019 del segundo tiempo en lugar de \u00c1ngel Cardozo<\/strong>.<\/p>\n<p>&nbsp;<\/p>\n<p>En paralelo, el Boca de <strong>Lucas Janson<\/strong> no pudo en su visita a Florencio Varela y cay\u00f3 1 a 0 frente a Defensa y Justicia. Signific\u00f3 la tercera derrota en el torneo para el equipo de Almir\u00f3n. A su vez, <strong>el delantero olavarriense comenz\u00f3 el duelo entre las variantes y m\u00e1s tarde, a los 59\u2019, ocup\u00f3 el lugar de Pol Fern\u00e1ndez<\/strong>.<\/p>\n<p>&nbsp;<\/p>\n<figure id=\"attachment_42042\" aria-describedby=\"caption-attachment-42042\" style=\"width: 800px\" class=\"wp-caption aligncenter\"><img data-recalc-dims=\"1\" loading=\"lazy\" decoding=\"async\" class=\"wp-image-42042 size-large\" src=\"https:\/\/i0.wp.com\/cdnoticias.com\/wp-content\/uploads\/2023\/09\/Pedro-De-la-Vega-vs-Platense-Fecha-5-Copa-de-la-Liga.jpg?resize=800%2C534&#038;ssl=1\" alt=\"\" width=\"800\" height=\"534\" \/><figcaption id=\"caption-attachment-42042\" class=\"wp-caption-text\">Cr\u00e9dito: Club Atl\u00e9tico Platense<\/figcaption><\/figure>\n<p>&nbsp;<\/p>\n<p>Otro de los que no pudo sumar ning\u00fan punto fue Lan\u00fas, en su visita a Platense. <strong>El \u201cGranate\u201d, que tuvo a Pedro De la Vega en el once titular y jugando todo el partido, perdi\u00f3 2 a 1 ante el \u201cCalamar\u201d<\/strong> y\u00a0 estir\u00f3 su racha negativa a cinco partidos sin victorias.<\/p>\n<p>&nbsp;<\/p>\n<p>Por \u00faltimo, este pasado domingo, Godoy Cruz reparti\u00f3 puntos con Belgrano de C\u00f3rdoba luego de igualar 0 a 0 en el Malvinas Argentinas de Mendoza. El defensor olavarriense,<strong> Braian Salvareschi, ocup\u00f3 un lugar en el banco de suplentes, pero no cont\u00f3 con minutos en el campo de juego<\/strong>.<\/p>\n<p>&nbsp;<\/p>\n<p><em><strong>Foto: Col\u00f3n Oficial.<\/strong><\/em><\/p>\n","protected":false},"excerpt":{"rendered":"<p>Fue en el duelo contra Rosario Central y jug\u00f3 un par de minutos en el complemento. Adem\u00e1s, la jornada cont\u00f3<\/p>\n","protected":false},"author":96739694,"featured_media":157594,"comment_status":"closed","ping_status":"closed","sticky":false,"template":"","format":"standard","meta":{"_jetpack_memberships_contains_paid_content":false,"footnotes":""},"categories":[37,1],"tags":[],"class_list":["post-137566","post","type-post","status-publish","format-standard","has-post-thumbnail","hentry","category-futbol-profesional","category-portada"],"jetpack_featured_media_url":"https:\/\/i0.wp.com\/cdnoticias.com\/wp-content\/uploads\/2023\/09\/Braian-Guille-vs-Rosario-Central-Fecha-5-Copa-de-la-Liga-e1695067648760.jpeg?fit=720%2C481&ssl=1","jetpack_sharing_enabled":true,"_links":{"self":[{"href":"https:\/\/cdnoticias.com\/index.php\/wp-json\/wp\/v2\/posts\/137566","targetHints":{"allow":["GET"]}}],"collection":[{"href":"https:\/\/cdnoticias.com\/index.php\/wp-json\/wp\/v2\/posts"}],"about":[{"href":"https:\/\/cdnoticias.com\/index.php\/wp-json\/wp\/v2\/types\/post"}],"author":[{"embeddable":true,"href":"https:\/\/cdnoticias.com\/index.php\/wp-json\/wp\/v2\/users\/96739694"}],"replies":[{"embeddable":true,"href":"https:\/\/cdnoticias.com\/index.php\/wp-json\/wp\/v2\/comments?post=137566"}],"version-history":[{"count":0,"href":"https:\/\/cdnoticias.com\/index.php\/wp-json\/wp\/v2\/posts\/137566\/revisions"}],"wp:featuredmedia":[{"embeddable":true,"href":"https:\/\/cdnoticias.com\/index.php\/wp-json\/wp\/v2\/media\/157594"}],"wp:attachment":[{"href":"https:\/\/cdnoticias.com\/index.php\/wp-json\/wp\/v2\/media?parent=137566"}],"wp:term":[{"taxonomy":"category","embeddable":true,"href":"https:\/\/cdnoticias.com\/index.php\/wp-json\/wp\/v2\/categories?post=137566"},{"taxonomy":"post_tag","embeddable":true,"href":"https:\/\/cdnoticias.com\/index.php\/wp-json\/wp\/v2\/tags?post=137566"}],"curies":[{"name":"wp","href":"https:\/\/api.w.org\/{rel}","templated":true}]}}