{"id":137564,"date":"2023-09-18T14:38:04","date_gmt":"2023-09-18T17:38:04","guid":{"rendered":"https:\/\/centraldeportes.com.ar\/?p=42032"},"modified":"2025-02-12T21:49:06","modified_gmt":"2025-02-13T00:49:06","slug":"josefina-vigo-gano-y-se-quedo-con-la-etapa-regular","status":"publish","type":"post","link":"https:\/\/cdnoticias.com\/index.php\/2023\/09\/18\/josefina-vigo-gano-y-se-quedo-con-la-etapa-regular\/","title":{"rendered":"Josefina Vigo gan\u00f3 y se qued\u00f3 con la etapa regular"},"content":{"rendered":"<p>La olavarriense se qued\u00f3 con el triunfo en la Liga Speedagro Racing y culmin\u00f3 en la primera ubicaci\u00f3n en la primera parte del torneo. Restan cuatro fechas del playoff y comienza siendo l\u00edder.<!--more--><\/p>\n<hr \/>\n<p>En el aut\u00f3dromo de San Lu\u00eds se disput\u00f3 <strong>una nueva fecha de la Liga Speedagro Racing y Josefina Vigo volvi\u00f3 a tener una destacada actuaci\u00f3n, qued\u00e1ndose con el triunfo.<\/strong><\/p>\n<p>&nbsp;<\/p>\n<p>La olavarriense fue contundente a lo largo del fin de semana, se qued\u00f3 con la pole el d\u00eda s\u00e1bado y el domingo gan\u00f3 de punta a punta, sin mayores complicaciones que las que presentaba el clima, pero no tuvo rivales. De este modo, culmin\u00f3 la etapa regular con el primer puesto del torneo, por lo que comienza la definici\u00f3n como favorita en el playoff.<\/p>\n<p>&nbsp;<\/p>\n<p>\u201c<em>Una vez m\u00e1s se nos dio, completamente feliz y agradecida con todos los que hacen esto posible. <strong>Un fin de semana espectacular, logramos el uno en clasificaci\u00f3n<\/strong> y hoy pudimos reafirmar eso mismo en una final con mucho viento y algunas dificultades clim\u00e1ticas, pero que pudimos llevar bien. Adem\u00e1s ganamos la etapa regular, comenzamos el Playoff como punteros del campeonato y eso me llena de esperanza para lo que viene<\/em>\u201d, expres\u00f3 en redes Josefina.<\/p>\n<p>&nbsp;<\/p>\n\n<p>&nbsp;<\/p>\n<p>La pr\u00f3xima competencia ser\u00e1 nuevamente junto al Turismo Carretera en el aut\u00f3dromo de San Nicol\u00e1s, el pr\u00f3ximo 1\u00ba de octubre.<\/p>\n","protected":false},"excerpt":{"rendered":"<p>La olavarriense se qued\u00f3 con el triunfo en la Liga Speedagro Racing y culmin\u00f3 en la primera ubicaci\u00f3n en la<\/p>\n","protected":false},"author":96739694,"featured_media":157598,"comment_status":"closed","ping_status":"closed","sticky":false,"template":"","format":"standard","meta":{"_jetpack_memberships_contains_paid_content":false,"footnotes":""},"categories":[34,1],"tags":[],"class_list":["post-137564","post","type-post","status-publish","format-standard","has-post-thumbnail","hentry","category-automovilismo","category-portada"],"jetpack_featured_media_url":"https:\/\/i0.wp.com\/cdnoticias.com\/wp-content\/uploads\/2023\/09\/WhatsApp-Image-2023-09-18-at-14.25.05.jpeg?fit=1080%2C744&ssl=1","jetpack_sharing_enabled":true,"_links":{"self":[{"href":"https:\/\/cdnoticias.com\/index.php\/wp-json\/wp\/v2\/posts\/137564","targetHints":{"allow":["GET"]}}],"collection":[{"href":"https:\/\/cdnoticias.com\/index.php\/wp-json\/wp\/v2\/posts"}],"about":[{"href":"https:\/\/cdnoticias.com\/index.php\/wp-json\/wp\/v2\/types\/post"}],"author":[{"embeddable":true,"href":"https:\/\/cdnoticias.com\/index.php\/wp-json\/wp\/v2\/users\/96739694"}],"replies":[{"embeddable":true,"href":"https:\/\/cdnoticias.com\/index.php\/wp-json\/wp\/v2\/comments?post=137564"}],"version-history":[{"count":0,"href":"https:\/\/cdnoticias.com\/index.php\/wp-json\/wp\/v2\/posts\/137564\/revisions"}],"wp:featuredmedia":[{"embeddable":true,"href":"https:\/\/cdnoticias.com\/index.php\/wp-json\/wp\/v2\/media\/157598"}],"wp:attachment":[{"href":"https:\/\/cdnoticias.com\/index.php\/wp-json\/wp\/v2\/media?parent=137564"}],"wp:term":[{"taxonomy":"category","embeddable":true,"href":"https:\/\/cdnoticias.com\/index.php\/wp-json\/wp\/v2\/categories?post=137564"},{"taxonomy":"post_tag","embeddable":true,"href":"https:\/\/cdnoticias.com\/index.php\/wp-json\/wp\/v2\/tags?post=137564"}],"curies":[{"name":"wp","href":"https:\/\/api.w.org\/{rel}","templated":true}]}}