{"id":137563,"date":"2023-09-18T02:38:04","date_gmt":"2023-09-18T05:38:04","guid":{"rendered":"https:\/\/centraldeportes.com.ar\/?p=42027"},"modified":"2025-02-12T21:49:08","modified_gmt":"2025-02-13T00:49:08","slug":"enrique-de-la-vega-no-es-mas-el-dt-de-loma-negra","status":"publish","type":"post","link":"https:\/\/cdnoticias.com\/index.php\/2023\/09\/18\/enrique-de-la-vega-no-es-mas-el-dt-de-loma-negra\/","title":{"rendered":"Enrique De la Vega no es m\u00e1s el DT de Loma Negra"},"content":{"rendered":"\n<div class=\"wp-block-group is-layout-constrained wp-block-group-is-layout-constrained\">\n<p>El entrenador tom\u00f3 la decisi\u00f3n este domingo por la tarde, luego de la abultada derrota frente a Estudiantes por la 5\u00b0 fecha del Torneo Oficial.<!--more--><\/p>\n<hr \/>\n<p>Fue un fin de semana gris para el \u201cCeleste\u201d de Villa Alfredo Fortabat. Es que luego de la <a href=\"https:\/\/cdnoticias.com\/otra-fecha-paso-en-el-futbol-local-cayo-el-puntero-y-hay-nuevo-lider\/\">goleada 7 a 1<\/a> sufrida ante Estudiantes en el Parque Carlos Guerrero, <strong>Enrique De la Vega tom\u00f3 la determinaci\u00f3n de alejarse del cargo de Director T\u00e9cnico<\/strong>.<\/p>\n<p>\u00a0<\/p>\n<p>El entrenador, que tom\u00f3 las riendas del primer equipo en enero del vigente a\u00f1o, realiz\u00f3 una buena campa\u00f1a en el Torneo Interligas, pero no corri\u00f3 la misma suerte en el campeonato local. <strong>Loma Negra est\u00e1 ante\u00faltimo en la tabla, a\u00fan no pudo ganar y de los quince puntos en juego solo sac\u00f3 uno (empate contra Hinojo)<\/strong>.<\/p>\n<p>\u00a0<\/p>\n<p>Ante la salida de De la Vega, la Subcomisi\u00f3n de F\u00fatbol del \u201cCeleste\u201d trabajar\u00e1 en los pr\u00f3ximos d\u00edas para buscarle un reemplazo y adem\u00e1s, definir\u00e1 si seguir\u00e1 siendo o no el Coordinador General.<\/p>\n<p>\u00a0<\/p>\n<p><em><strong>Foto: Archivo.<\/strong><\/em><\/p>\n<\/div>\n","protected":false},"excerpt":{"rendered":"<p>El entrenador tom\u00f3 la decisi\u00f3n este domingo por la tarde, luego de la abultada derrota frente a Estudiantes por la<\/p>\n","protected":false},"author":96739694,"featured_media":157602,"comment_status":"closed","ping_status":"closed","sticky":false,"template":"","format":"standard","meta":{"_jetpack_memberships_contains_paid_content":false,"footnotes":""},"categories":[35,1,41],"tags":[],"class_list":["post-137563","post","type-post","status-publish","format-standard","has-post-thumbnail","hentry","category-futbol","category-portada","category-primera-y-reserva"],"jetpack_featured_media_url":"https:\/\/i0.wp.com\/cdnoticias.com\/wp-content\/uploads\/2023\/09\/Enrique-De-la-Vega.jpg?fit=538%2C366&ssl=1","jetpack_sharing_enabled":true,"_links":{"self":[{"href":"https:\/\/cdnoticias.com\/index.php\/wp-json\/wp\/v2\/posts\/137563","targetHints":{"allow":["GET"]}}],"collection":[{"href":"https:\/\/cdnoticias.com\/index.php\/wp-json\/wp\/v2\/posts"}],"about":[{"href":"https:\/\/cdnoticias.com\/index.php\/wp-json\/wp\/v2\/types\/post"}],"author":[{"embeddable":true,"href":"https:\/\/cdnoticias.com\/index.php\/wp-json\/wp\/v2\/users\/96739694"}],"replies":[{"embeddable":true,"href":"https:\/\/cdnoticias.com\/index.php\/wp-json\/wp\/v2\/comments?post=137563"}],"version-history":[{"count":0,"href":"https:\/\/cdnoticias.com\/index.php\/wp-json\/wp\/v2\/posts\/137563\/revisions"}],"wp:featuredmedia":[{"embeddable":true,"href":"https:\/\/cdnoticias.com\/index.php\/wp-json\/wp\/v2\/media\/157602"}],"wp:attachment":[{"href":"https:\/\/cdnoticias.com\/index.php\/wp-json\/wp\/v2\/media?parent=137563"}],"wp:term":[{"taxonomy":"category","embeddable":true,"href":"https:\/\/cdnoticias.com\/index.php\/wp-json\/wp\/v2\/categories?post=137563"},{"taxonomy":"post_tag","embeddable":true,"href":"https:\/\/cdnoticias.com\/index.php\/wp-json\/wp\/v2\/tags?post=137563"}],"curies":[{"name":"wp","href":"https:\/\/api.w.org\/{rel}","templated":true}]}}