{"id":137556,"date":"2023-09-16T20:44:46","date_gmt":"2023-09-16T23:44:46","guid":{"rendered":"https:\/\/centraldeportes.com.ar\/?p=41954"},"modified":"2025-02-12T21:49:27","modified_gmt":"2025-02-13T00:49:27","slug":"pugilistas-olavarrienses-combatieron-en-mechita","status":"publish","type":"post","link":"https:\/\/cdnoticias.com\/index.php\/2023\/09\/16\/pugilistas-olavarrienses-combatieron-en-mechita\/","title":{"rendered":"Pugilistas olavarrienses combatieron en Mechita"},"content":{"rendered":"<p>En la noche del viernes, dos pupilos de la Academia Oto Box se presentaron en el festival organizado por la escuela de El\u00edas Dicipio y lograron sendas victorias. De la velada tambi\u00e9n particip\u00f3 el hinojense, Tom\u00e1s Kuhn.<!--more--><\/p>\n<hr \/>\n<p>El Club Social y Deportivo <strong>Mechita<\/strong> (partido de Bragado) alberg\u00f3 en la noche del pasado viernes el<strong> festival de boxeo organizado por la escuela de El\u00edas &#8220;Pepo&#8221; Dicipio<\/strong>, en homenaje al D\u00eda del Boxeador.<\/p>\n<p>&nbsp;<\/p>\n<p>La contienda, que tuvo 10 peleas en la programaci\u00f3n, cont\u00f3 con la participaci\u00f3n de <strong>tres pugilistas olavarrienses<\/strong> y dos de ellos, de la escuela<strong> Oto Box<\/strong> dirigida por <strong>Dar\u00edo Olivetto<\/strong>, consiguieron triunfar en el cuadril\u00e1tero.<\/p>\n<p>&nbsp;<\/p>\n\n<p>&nbsp;<\/p>\n<p>Por un lado, <strong>Mariana L\u00f3pez<\/strong> venci\u00f3 por decisi\u00f3n un\u00e1nime del jurado a la oriunda de Chacabuco, Estefan\u00eda Salerno. A su vez, <strong>Jerem\u00edas Perich\u00f3n<\/strong> derrib\u00f3 al bragadense Joaqu\u00edn Cort\u00e9s cuando corr\u00edan 1:20 del primer round y gan\u00f3 por Refer\u00ed Suspende el Combate (RSC).<\/p>\n<p>&nbsp;<\/p>\n<p>No corri\u00f3 la misma suerte el oriundo de Hinojo, <strong>Tom\u00e1s Kuhn<\/strong>, quien no pudo festejar en su compromiso contra Agust\u00edn Campos, de Bragado.<\/p>\n<p>&nbsp;<\/p>\n<p><em><strong>Fotos: Oto Box.<\/strong><\/em><\/p>\n","protected":false},"excerpt":{"rendered":"<p>En la noche del viernes, dos pupilos de la Academia Oto Box se presentaron en el festival organizado por la<\/p>\n","protected":false},"author":96739694,"featured_media":157631,"comment_status":"closed","ping_status":"closed","sticky":false,"template":"","format":"standard","meta":{"_jetpack_memberships_contains_paid_content":false,"footnotes":""},"categories":[30,1],"tags":[],"class_list":["post-137556","post","type-post","status-publish","format-standard","has-post-thumbnail","hentry","category-polideportivo","category-portada"],"jetpack_featured_media_url":"https:\/\/i0.wp.com\/cdnoticias.com\/wp-content\/uploads\/2023\/09\/Pugilistas-en-Mechita-Oto-Box-1-e1694907714914.jpeg?fit=904%2C570&ssl=1","jetpack_sharing_enabled":true,"_links":{"self":[{"href":"https:\/\/cdnoticias.com\/index.php\/wp-json\/wp\/v2\/posts\/137556","targetHints":{"allow":["GET"]}}],"collection":[{"href":"https:\/\/cdnoticias.com\/index.php\/wp-json\/wp\/v2\/posts"}],"about":[{"href":"https:\/\/cdnoticias.com\/index.php\/wp-json\/wp\/v2\/types\/post"}],"author":[{"embeddable":true,"href":"https:\/\/cdnoticias.com\/index.php\/wp-json\/wp\/v2\/users\/96739694"}],"replies":[{"embeddable":true,"href":"https:\/\/cdnoticias.com\/index.php\/wp-json\/wp\/v2\/comments?post=137556"}],"version-history":[{"count":0,"href":"https:\/\/cdnoticias.com\/index.php\/wp-json\/wp\/v2\/posts\/137556\/revisions"}],"wp:featuredmedia":[{"embeddable":true,"href":"https:\/\/cdnoticias.com\/index.php\/wp-json\/wp\/v2\/media\/157631"}],"wp:attachment":[{"href":"https:\/\/cdnoticias.com\/index.php\/wp-json\/wp\/v2\/media?parent=137556"}],"wp:term":[{"taxonomy":"category","embeddable":true,"href":"https:\/\/cdnoticias.com\/index.php\/wp-json\/wp\/v2\/categories?post=137556"},{"taxonomy":"post_tag","embeddable":true,"href":"https:\/\/cdnoticias.com\/index.php\/wp-json\/wp\/v2\/tags?post=137556"}],"curies":[{"name":"wp","href":"https:\/\/api.w.org\/{rel}","templated":true}]}}