{"id":137553,"date":"2023-09-16T17:08:16","date_gmt":"2023-09-16T20:08:16","guid":{"rendered":"https:\/\/centraldeportes.com.ar\/?p=41939"},"modified":"2025-02-12T00:02:12","modified_gmt":"2025-02-12T03:02:12","slug":"augusto-arana-campeon-anticipado-del-torneo-oficial-de-primera","status":"publish","type":"post","link":"https:\/\/cdnoticias.com\/index.php\/2023\/09\/16\/augusto-arana-campeon-anticipado-del-torneo-oficial-de-primera\/","title":{"rendered":"Augusto Ara\u00f1a, campe\u00f3n anticipado del Torneo Oficial de Primera"},"content":{"rendered":"<p>El pasado jueves, en las instalaciones de la Biblioteca Popular \u201cCoty Laborde\u201d,<strong> Augusto Ara\u00f1a se consagr\u00f3 campe\u00f3n del Torneo Oficial de Primera Divisi\u00f3n<\/strong> a falta de una ronda.<!--more--><\/p>\n<hr \/>\n<p>En el transcurso de la semana se jugaron dos nuevas fechas del evento que forma parte del calendario oficial de la Federaci\u00f3n de Ajedrez de Olavarr\u00eda y es arbitrado por la AR Ana Clara Mariani.<\/p>\n<p>&nbsp;<\/p>\n<p>El Torneo Oficial se juega bajo la modalidad de sistema americano (todos contra todos) con un tiempo de reflexi\u00f3n de noventa minutos iniciales de reflexi\u00f3n m\u00e1s treinta segundos de incremento. Adem\u00e1s del t\u00edtulo, el ganador obtendr\u00e1 el derecho de desafiar en un match a seis partidas al actual campe\u00f3n local, Horacio Pereyra.<\/p>\n<p>&nbsp;<\/p>\n<p>La semana inici\u00f3 con el cruce entre Augusto Ara\u00f1a y Gabriel Iglesias. Ara\u00f1a, de blancas, logr\u00f3 una interesante posici\u00f3n con su habitual Pe\u00f3n Dama frente a la Defensa Moderna propuesta por Iglesias, sin embargo, en una posici\u00f3n cerrada y compleja, el negro pudo resistir la presi\u00f3n ejercida por su rival para luego simplificar la posici\u00f3n y firmar un empate en 62 movidas.<\/p>\n<p>&nbsp;<\/p>\n<p>Luego, Ara\u00f1a derrot\u00f3 -el jueves- al escolta Agust\u00edn Pandini y se consagr\u00f3 campe\u00f3n anticipado a falta de una ronda. De esta manera, el juvenil bicampe\u00f3n de 16 a\u00f1os, ya que el a\u00f1o pasado tambi\u00e9n se adjudic\u00f3 la competencia siendo entonces uno de los m\u00e1s j\u00f3venes de la historia de la FAO.<\/p>\n<p>&nbsp;<\/p>\n<p>En la partida, tuvo lugar la variante Winawer de la Defensa Francesa, en la cual Pandini, sacrific\u00f3 un pe\u00f3n en b\u00fasqueda de un ataque r\u00e1pido sobre el rey de Ara\u00f1a, arribando a una posici\u00f3n compleja en la que un intercambio de piezas impreciso lo dej\u00f3 en desventaja material, la cual Augusto pudo convertir tras 55 movimientos que le dieron el punto y el t\u00edtulo.<\/p>\n<p>&nbsp;<\/p>\n\n<p>&nbsp;<\/p>\n<p>Por otro lado, en inmediaciones del Monumento al Gral. San Mart\u00edn <strong>se llev\u00f3 a cabo una jornada de \u201cEco-Ajedrez\u201d<\/strong>. La actividad, impulsada por la Federaci\u00f3n de Ajedrez de Olavarr\u00eda y la Escuela Municipal de Ajedrez, fue enmarcada dentro de las actividades estimuladas por parte de la Comisi\u00f3n de Sostenibilidad de la Federaci\u00f3n Argentina de Ajedrez.<\/p>\n<p>&nbsp;<\/p>\n<p>En el marco de la actividad llevada a cabo el pasado s\u00e1bado, el p\u00fablico en general acompa\u00f1\u00f3 y se realiz\u00f3 la plantaci\u00f3n de cinco \u00e1rboles como parte de pr\u00e1cticas orientadas a dejar una huella positiva en la comunidad. Asimismo, <strong>Horacio Pereyra y Augusto Ara\u00f1a (campe\u00f3n y subcampe\u00f3n local) ofrecieron partidas simult\u00e1neas contra todos los presentes<\/strong>, a la vez que estuvo disponible un ajedrez gigante. Como corolario de la jornada, se entregaron semillas.<\/p>\n","protected":false},"excerpt":{"rendered":"<p>El pasado jueves, en las instalaciones de la Biblioteca Popular \u201cCoty Laborde\u201d, Augusto Ara\u00f1a se consagr\u00f3 campe\u00f3n del Torneo Oficial<\/p>\n","protected":false},"author":96739694,"featured_media":157444,"comment_status":"closed","ping_status":"closed","sticky":false,"template":"","format":"standard","meta":{"_jetpack_memberships_contains_paid_content":false,"footnotes":""},"categories":[30,1],"tags":[],"class_list":["post-137553","post","type-post","status-publish","format-standard","has-post-thumbnail","hentry","category-polideportivo","category-portada"],"jetpack_featured_media_url":"https:\/\/i0.wp.com\/cdnoticias.com\/wp-content\/uploads\/2023\/09\/Augusto-Arana-e1694894859147.jpeg?fit=1408%2C818&ssl=1","jetpack_sharing_enabled":true,"_links":{"self":[{"href":"https:\/\/cdnoticias.com\/index.php\/wp-json\/wp\/v2\/posts\/137553","targetHints":{"allow":["GET"]}}],"collection":[{"href":"https:\/\/cdnoticias.com\/index.php\/wp-json\/wp\/v2\/posts"}],"about":[{"href":"https:\/\/cdnoticias.com\/index.php\/wp-json\/wp\/v2\/types\/post"}],"author":[{"embeddable":true,"href":"https:\/\/cdnoticias.com\/index.php\/wp-json\/wp\/v2\/users\/96739694"}],"replies":[{"embeddable":true,"href":"https:\/\/cdnoticias.com\/index.php\/wp-json\/wp\/v2\/comments?post=137553"}],"version-history":[{"count":0,"href":"https:\/\/cdnoticias.com\/index.php\/wp-json\/wp\/v2\/posts\/137553\/revisions"}],"wp:featuredmedia":[{"embeddable":true,"href":"https:\/\/cdnoticias.com\/index.php\/wp-json\/wp\/v2\/media\/157444"}],"wp:attachment":[{"href":"https:\/\/cdnoticias.com\/index.php\/wp-json\/wp\/v2\/media?parent=137553"}],"wp:term":[{"taxonomy":"category","embeddable":true,"href":"https:\/\/cdnoticias.com\/index.php\/wp-json\/wp\/v2\/categories?post=137553"},{"taxonomy":"post_tag","embeddable":true,"href":"https:\/\/cdnoticias.com\/index.php\/wp-json\/wp\/v2\/tags?post=137553"}],"curies":[{"name":"wp","href":"https:\/\/api.w.org\/{rel}","templated":true}]}}