{"id":137550,"date":"2023-09-16T12:36:39","date_gmt":"2023-09-16T15:36:39","guid":{"rendered":"https:\/\/centraldeportes.com.ar\/?p=41900"},"modified":"2025-02-12T00:02:25","modified_gmt":"2025-02-12T03:02:25","slug":"la-multitudinaria-delegacion-olavarriense-ya-se-instalo-en-la-feliz","status":"publish","type":"post","link":"https:\/\/cdnoticias.com\/index.php\/2023\/09\/16\/la-multitudinaria-delegacion-olavarriense-ya-se-instalo-en-la-feliz\/","title":{"rendered":"La multitudinaria Delegaci\u00f3n olavarriense ya se instal\u00f3 en \u201cLa Feliz\u201d"},"content":{"rendered":"<p>Cientos de deportistas locales, en diferentes disciplinas, estar\u00e1n representando a la ciudad en los Juegos Bonaerenses 2023. Este s\u00e1bado arrancan las competencias.<!--more--><\/p>\n<hr \/>\n<p>De cara a las finales provinciales, en horas de la ma\u00f1ana del pasado viernes <strong>la Delegaci\u00f3n olavarriense<\/strong>, en m\u00e1s de una decena de colectivos, <strong>arrib\u00f3 a Mar del Plata para participar de las competencias<\/strong> que se extender\u00e1n hasta el pr\u00f3ximo mi\u00e9rcoles 20 de septiembre.<\/p>\n<p>&nbsp;<\/p>\n<p>Entre deportistas, representantes culturales, cuerpos t\u00e9cnicos y profesores<strong>, son m\u00e1s de 500 los olavarrienses<\/strong> que ya se encuentran instalados en la ciudad balnearia.<\/p>\n<p>&nbsp;<\/p>\n<p>Asimismo, en horas de la tarde se llev\u00f3 adelante la ceremonia inaugural en el Balneario \u201cLas Toscas\u201d\u00a0 encabezada por el gobernador de la provincia, <strong>Axel Kicillof<\/strong>, quien habl\u00f3 ante la presencia de m\u00e1s de 40 mil j\u00f3venes pertenecientes a los 135 municipios participantes. <strong>Kevin Dascon Ward, ex alumno de la Escuela de Educaci\u00f3n Especial 505 fue el representante de la Delegaci\u00f3n local<\/strong> (competir\u00e1 en lanzamiento de bala).<\/p>\n<p>&nbsp;<\/p>\n<p>En paralelo,<strong> este s\u00e1bado dar\u00e1n inicio las competencias<\/strong> con numerosa presencia local tanto en la rama deportiva como en la cultural.<\/p>\n<p>&nbsp;<\/p>\n<p><em><strong>Fuente: Prensa Municipio.<\/strong><\/em><\/p>\n","protected":false},"excerpt":{"rendered":"<p>Cientos de deportistas locales, en diferentes disciplinas, estar\u00e1n representando a la ciudad en los Juegos Bonaerenses 2023. Este s\u00e1bado arrancan<\/p>\n","protected":false},"author":96739694,"featured_media":157450,"comment_status":"closed","ping_status":"closed","sticky":false,"template":"","format":"standard","meta":{"_jetpack_memberships_contains_paid_content":false,"footnotes":""},"categories":[30,1],"tags":[],"class_list":["post-137550","post","type-post","status-publish","format-standard","has-post-thumbnail","hentry","category-polideportivo","category-portada"],"jetpack_featured_media_url":"https:\/\/i0.wp.com\/cdnoticias.com\/wp-content\/uploads\/2023\/09\/Juegos-Bonaerenses-2023-arribo.jpg?fit=1200%2C799&ssl=1","jetpack_sharing_enabled":true,"_links":{"self":[{"href":"https:\/\/cdnoticias.com\/index.php\/wp-json\/wp\/v2\/posts\/137550","targetHints":{"allow":["GET"]}}],"collection":[{"href":"https:\/\/cdnoticias.com\/index.php\/wp-json\/wp\/v2\/posts"}],"about":[{"href":"https:\/\/cdnoticias.com\/index.php\/wp-json\/wp\/v2\/types\/post"}],"author":[{"embeddable":true,"href":"https:\/\/cdnoticias.com\/index.php\/wp-json\/wp\/v2\/users\/96739694"}],"replies":[{"embeddable":true,"href":"https:\/\/cdnoticias.com\/index.php\/wp-json\/wp\/v2\/comments?post=137550"}],"version-history":[{"count":0,"href":"https:\/\/cdnoticias.com\/index.php\/wp-json\/wp\/v2\/posts\/137550\/revisions"}],"wp:featuredmedia":[{"embeddable":true,"href":"https:\/\/cdnoticias.com\/index.php\/wp-json\/wp\/v2\/media\/157450"}],"wp:attachment":[{"href":"https:\/\/cdnoticias.com\/index.php\/wp-json\/wp\/v2\/media?parent=137550"}],"wp:term":[{"taxonomy":"category","embeddable":true,"href":"https:\/\/cdnoticias.com\/index.php\/wp-json\/wp\/v2\/categories?post=137550"},{"taxonomy":"post_tag","embeddable":true,"href":"https:\/\/cdnoticias.com\/index.php\/wp-json\/wp\/v2\/tags?post=137550"}],"curies":[{"name":"wp","href":"https:\/\/api.w.org\/{rel}","templated":true}]}}