{"id":137549,"date":"2023-09-16T02:06:58","date_gmt":"2023-09-16T05:06:58","guid":{"rendered":"https:\/\/centraldeportes.com.ar\/?p=41888"},"modified":"2025-02-12T00:02:28","modified_gmt":"2025-02-12T03:02:28","slug":"los-dos-racing-festejaron-en-el-cierre-de-la-3-fecha-del-clausura","status":"publish","type":"post","link":"https:\/\/cdnoticias.com\/index.php\/2023\/09\/16\/los-dos-racing-festejaron-en-el-cierre-de-la-3-fecha-del-clausura\/","title":{"rendered":"Los dos Racing festejaron en el cierre de la 3\u00b0 fecha del Clausura"},"content":{"rendered":"\n<p>El de Olavarr\u00eda domin\u00f3 en el De la Vega y el de La Madrid hizo lo propio en el reducto serrano para ser l\u00edderes del certamen junto a Estudiantes e Independiente de Tandil.<\/p>\n\n\n\n<!--more-->\n\n\n\n<hr class=\"wp-block-separator has-alpha-channel-opacity\"\/>\n\n\n\n<p>Finaliz\u00f3 el tercer cap\u00edtulo del <strong>Torneo Clausura<\/strong> organizado por la <strong>Asociaci\u00f3n de B\u00e1squet de Olavarr\u00eda<\/strong>, que tuvo como dato destacado <a href=\"https:\/\/cdnoticias.com\/la-3-fecha-dio-comienzo-con-todos-festejos-visitantes\/\">triunfos absolutos<\/a> en condici\u00f3n de visitante.<\/p>\n\n\n\n<div style=\"height:30px\" aria-hidden=\"true\" class=\"wp-block-spacer\"><\/div>\n\n\n\n<p>Este viernes por la noche los que festejaron en el cierre de la 3\u00b0 fecha fueron los dos Racing, que estiraron sus invictos y se sumaron a la cima del campeonato junto a Estudiantes e Independiente de Tandil.<\/p>\n\n\n\n<div style=\"height:27px\" aria-hidden=\"true\" class=\"wp-block-spacer\"><\/div>\n\n\n\n<p>Por un lado, en el gimnasio Ricardo De la Vega,<strong> el \u201cChaira\u201d domin\u00f3 en el electr\u00f3nico de principio a fin y derrot\u00f3 79 a 66 a Ferro Carril Sud<\/strong>, que sum\u00f3 su segunda ca\u00edda de local. <strong>Gianluca Nolasco fue el goleador de la noche con 25 puntos<\/strong> anotados para la \u201cEstrellita\u201d, mientras que Andr\u00e9s D\u2019Alessio fue el m\u00e1ximo artillero del \u201cCarbonero\u201d con 22 tantos.<\/p>\n\n\n\n<div style=\"height:29px\" aria-hidden=\"true\" class=\"wp-block-spacer\"><\/div>\n\n\n<p>[soliloquy id=&#8221;41911&#8243;]<\/p>\n\n\n\n<div style=\"height:36px\" aria-hidden=\"true\" class=\"wp-block-spacer\"><\/div>\n\n\n\n<p>Siendo m\u00e1s n\u00edtido en la ofensiva, Racing parti\u00f3 de varios recuperaciones atr\u00e1s, corri\u00f3 la cancha para los primeros contragolpes y comenz\u00f3 a liderar en el tanteador para nunca m\u00e1s cederlo. No obstante, en la segunda manga los dirigidos por Far\u00edas perdieron efectividad en los lanzamientos y Ferro aprovech\u00f3 para arrimarse, quedando a una distancia de 15 puntos hasta el descanso largo.<\/p>\n\n\n\n<div style=\"height:30px\" aria-hidden=\"true\" class=\"wp-block-spacer\"><\/div>\n\n\n\n<p>Lo mejor de la noche para el \u201cCarbonero\u201d se acopl\u00f3 a la conducci\u00f3n de Pietrafesa (hasta que sali\u00f3 por falta t\u00e9cnica) y luego el encargado fue Andr\u00e9s D\u2019alessio en gran parte del tercero y \u00faltimo per\u00edodo. Asimismo, los de Crivelli llegaron a ponerse a once puntos por debajo, aunque Nolasco y Santana la empezaron a meter de larga distancia, acrecentaron la diferencia en el marcador y sellaron el triunfo en el reducto de la calle Buchardo.<\/p>\n\n\n\n<div style=\"height:30px\" aria-hidden=\"true\" class=\"wp-block-spacer\"><\/div>\n\n\n\n<p>Por otro lado, en el reducto sierrabayense, <strong>Racing de La Madrid sell\u00f3 su tercera victoria en cadena luego de vencer 68 a 52 a San Mart\u00edn<\/strong>. <strong>Sim\u00f3n Nieto y Juan Malliani, con 15 unidades cada uno, fueron las m\u00e1ximos anotadores<\/strong> en el \u201cAlbiceleste. En el \u201cLe\u00f3n\u201d se destac\u00f3 Bruno Gonz\u00e1lez con 14 puntos.<\/p>\n\n\n\n<div style=\"height:31px\" aria-hidden=\"true\" class=\"wp-block-spacer\"><\/div>\n\n\n\n<figure class=\"wp-block-image aligncenter\"><img data-recalc-dims=\"1\" decoding=\"async\" src=\"https:\/\/i0.wp.com\/cdnoticias.com\/wp-content\/uploads\/2023\/09\/Posiciones-ABO-3%C2%B0-fecha-Clausura.png?w=800&#038;ssl=1\" alt=\"\" class=\"wp-image-41895\"\/><\/figure>\n\n\n\n<hr class=\"wp-block-separator has-alpha-channel-opacity\"\/>\n\n\n\n<p><strong>S\u00edntesis Ferro Carril Sud \u2013 Racing:<\/strong><\/p>\n\n\n\n<p>Estadio: De la Vega<\/p>\n\n\n\n<p>\u00c1rbitros: Sebasti\u00e1n Serantes y Juan Rinc\u00f3n.<\/p>\n\n\n\n<p><strong>Ferro (66): Debitto (0), D\u2019Alessio, A. (22), Pietrafesa (9), Men\u00f3n (10), Ram\u00edrez (6) \u2013 FI \u2013 Soraiz (5), P\u00e9rez (8), Rodr\u00edguez Pane (5), Alonso (1), Mart\u00ednez (0). DT \u2013 Bruno Crivelli.<\/strong><\/p>\n\n\n\n<p><strong>Racing (79): Santana (17), Nolasco (25), D\u2019Alessio, S. (6), Alonso, G. (6), Yaben (19) \u2013 FI \u2013 Encinas (4), V\u00e1zquez (2), Melo (0), Briscioli (0), D\u00edaz Herrera (0). DT \u2013 Axel Far\u00edas.<\/strong><\/p>\n\n\n\n<p>Parciales: 16 \u2013 25; 30 \u2013 45; 46 \u2013 62 y 66 \u2013 79.<\/p>\n","protected":false},"excerpt":{"rendered":"<p>El de Olavarr\u00eda domin\u00f3 en el De la Vega y el de La Madrid hizo lo propio en el reducto<\/p>\n","protected":false},"author":96739694,"featured_media":157456,"comment_status":"closed","ping_status":"closed","sticky":false,"template":"","format":"standard","meta":{"_jetpack_memberships_contains_paid_content":false,"footnotes":""},"categories":[31,1,43],"tags":[],"class_list":["post-137549","post","type-post","status-publish","format-standard","has-post-thumbnail","hentry","category-basquet","category-portada","category-primera"],"jetpack_featured_media_url":"https:\/\/i0.wp.com\/cdnoticias.com\/wp-content\/uploads\/2023\/09\/ferro-rac-2.jpeg?fit=1600%2C1066&ssl=1","jetpack_sharing_enabled":true,"_links":{"self":[{"href":"https:\/\/cdnoticias.com\/index.php\/wp-json\/wp\/v2\/posts\/137549","targetHints":{"allow":["GET"]}}],"collection":[{"href":"https:\/\/cdnoticias.com\/index.php\/wp-json\/wp\/v2\/posts"}],"about":[{"href":"https:\/\/cdnoticias.com\/index.php\/wp-json\/wp\/v2\/types\/post"}],"author":[{"embeddable":true,"href":"https:\/\/cdnoticias.com\/index.php\/wp-json\/wp\/v2\/users\/96739694"}],"replies":[{"embeddable":true,"href":"https:\/\/cdnoticias.com\/index.php\/wp-json\/wp\/v2\/comments?post=137549"}],"version-history":[{"count":0,"href":"https:\/\/cdnoticias.com\/index.php\/wp-json\/wp\/v2\/posts\/137549\/revisions"}],"wp:featuredmedia":[{"embeddable":true,"href":"https:\/\/cdnoticias.com\/index.php\/wp-json\/wp\/v2\/media\/157456"}],"wp:attachment":[{"href":"https:\/\/cdnoticias.com\/index.php\/wp-json\/wp\/v2\/media?parent=137549"}],"wp:term":[{"taxonomy":"category","embeddable":true,"href":"https:\/\/cdnoticias.com\/index.php\/wp-json\/wp\/v2\/categories?post=137549"},{"taxonomy":"post_tag","embeddable":true,"href":"https:\/\/cdnoticias.com\/index.php\/wp-json\/wp\/v2\/tags?post=137549"}],"curies":[{"name":"wp","href":"https:\/\/api.w.org\/{rel}","templated":true}]}}